{"id":5812,"date":"2017-10-19T15:35:41","date_gmt":"2017-10-19T15:35:41","guid":{"rendered":"http:\/\/www.fifv.cl\/?p=5812"},"modified":"2017-10-23T17:21:07","modified_gmt":"2017-10-23T17:21:07","slug":"jueves-2-noviembre-2017","status":"publish","type":"post","link":"https:\/\/www.fifv.cl\/2017\/programa\/jueves-2-noviembre-2017\/","title":{"rendered":"Jueves 2 de Noviembre 2017"},"content":{"rendered":"<p><b>11:30 &#8211; 13:00 <\/b><\/p>\n<p><b>Casa Plan<br \/>\nBrasil 1490, Plan<br \/>\n<\/b><\/p>\n<p><span style=\"font-weight: 400;\">Di\u00e1logos Subterr\u00e1neos <\/span><\/p>\n<p><span style=\"font-weight: 400;\">Espacio libre de conversaci\u00f3n abierta<\/span><\/p>\n<p><b>19:00 a 21:30<\/b><\/p>\n<p><strong>El Internado<\/strong><strong><br \/>\nPasaje Dimalow 167, Cerro Alegre<\/strong><\/p>\n<p>Di\u00e1logos Fotogr\u00e1ficos<\/p>\n<p><span style=\"font-weight: 400;\">19:00 DJ Book con<\/span><b> Xavier Mart\u00edn<\/b><span style=\"font-weight: 400;\"> (Argentina) \u201cResidencia en Espa\u00f1a\u201d <\/span><\/p>\n<p><span style=\"font-weight: 400;\">19:45 Di\u00e1logo con<\/span><b> Walter Blass<\/b><span style=\"font-weight: 400;\">,<\/span><b> Priscila Hern\u00e1ndez<\/b><span style=\"font-weight: 400;\">,<\/span><b> Manuel Jorquera<\/b><span style=\"font-weight: 400;\"> (Chile &#8211; Concepci\u00f3n) \u00a0\u201cRetratos de Aurora\u201d<\/span><\/p>\n<p><span style=\"font-weight: 400;\">20:15 Di\u00e1logo con<\/span><b> Cristi\u00e1n Ochoa<\/b><span style=\"font-weight: 400;\"> (Chile &#8211; Antofagasta) \u201cEl sue\u00f1o sudamericano\u201d<\/span><\/p>\n<p><span style=\"font-weight: 400;\">21:00 DJ Book con<\/span><b> Mauricio Toro Goya<\/b><span style=\"font-weight: 400;\"> (Chile &#8211; Coquimbo) \u201cProceso de obra de la serie Impius\u201d <\/span><\/p>\n","protected":false},"excerpt":{"rendered":"<p>11:30 &#8211; 13:00 Casa Plan Brasil 1490, Plan Di\u00e1logos Subterr\u00e1neos Espacio libre de conversaci\u00f3n abierta 19:00 a 21:30 El Internado Pasaje Dimalow 167, Cerro Alegre Di\u00e1logos Fotogr\u00e1ficos 19:00 DJ Book [&hellip;]<\/p>\n","protected":false},"author":1,"featured_media":0,"comment_status":"open","ping_status":"open","sticky":false,"template":"","format":"standard","meta":{"footnotes":""},"categories":[8],"tags":[],"class_list":["post-5812","post","type-post","status-publish","format-standard","hentry","category-programa"],"yoast_head":"<!-- This site is optimized with the Yoast SEO plugin v27.5 - https:\/\/yoast.com\/product\/yoast-seo-wordpress\/ -->\n<title>Jueves 2 de Noviembre 2017 - Festival Internacional de Fotograf&iacute;a en Valpara&iacute;so | FIFV.cl<\/title>\n<meta name=\"robots\" content=\"index, follow, max-snippet:-1, max-image-preview:large, max-video-preview:-1\" \/>\n<link rel=\"canonical\" href=\"https:\/\/www.fifv.cl\/2017\/programa\/jueves-2-noviembre-2017\/\" \/>\n<meta property=\"og:locale\" content=\"es_ES\" \/>\n<meta property=\"og:type\" content=\"article\" \/>\n<meta property=\"og:title\" content=\"Jueves 2 de Noviembre 2017 - Festival Internacional de Fotograf&iacute;a en Valpara&iacute;so | FIFV.cl\" \/>\n<meta property=\"og:description\" content=\"11:30 &#8211; 13:00 Casa Plan Brasil 1490, Plan Di\u00e1logos Subterr\u00e1neos Espacio libre de conversaci\u00f3n abierta 19:00 a 21:30 El Internado Pasaje Dimalow 167, Cerro Alegre Di\u00e1logos Fotogr\u00e1ficos 19:00 DJ Book [&hellip;]\" \/>\n<meta property=\"og:url\" content=\"https:\/\/www.fifv.cl\/2017\/programa\/jueves-2-noviembre-2017\/\" \/>\n<meta property=\"og:site_name\" content=\"Festival Internacional de Fotograf&iacute;a en Valpara&iacute;so | FIFV.cl\" \/>\n<meta property=\"article:published_time\" content=\"2017-10-19T15:35:41+00:00\" \/>\n<meta property=\"article:modified_time\" content=\"2017-10-23T17:21:07+00:00\" \/>\n<meta name=\"author\" content=\"manager\" \/>\n<meta name=\"twitter:card\" content=\"summary_large_image\" \/>\n<meta name=\"twitter:label1\" content=\"Escrito por\" \/>\n\t<meta name=\"twitter:data1\" content=\"manager\" \/>\n<script type=\"application\/ld+json\" class=\"yoast-schema-graph\">{\"@context\":\"https:\\\/\\\/schema.org\",\"@graph\":[{\"@type\":\"Article\",\"@id\":\"https:\\\/\\\/www.fifv.cl\\\/2017\\\/programa\\\/jueves-2-noviembre-2017\\\/#article\",\"isPartOf\":{\"@id\":\"https:\\\/\\\/www.fifv.cl\\\/2017\\\/programa\\\/jueves-2-noviembre-2017\\\/\"},\"author\":{\"name\":\"manager\",\"@id\":\"https:\\\/\\\/www.fifv.cl\\\/2017\\\/#\\\/schema\\\/person\\\/16cd8c86753bb157fbbc2ac57875d16b\"},\"headline\":\"Jueves 2 de Noviembre 2017\",\"datePublished\":\"2017-10-19T15:35:41+00:00\",\"dateModified\":\"2017-10-23T17:21:07+00:00\",\"mainEntityOfPage\":{\"@id\":\"https:\\\/\\\/www.fifv.cl\\\/2017\\\/programa\\\/jueves-2-noviembre-2017\\\/\"},\"wordCount\":86,\"commentCount\":0,\"articleSection\":[\"Programa\"],\"inLanguage\":\"es\",\"potentialAction\":[{\"@type\":\"CommentAction\",\"name\":\"Comment\",\"target\":[\"https:\\\/\\\/www.fifv.cl\\\/2017\\\/programa\\\/jueves-2-noviembre-2017\\\/#respond\"]}]},{\"@type\":\"WebPage\",\"@id\":\"https:\\\/\\\/www.fifv.cl\\\/2017\\\/programa\\\/jueves-2-noviembre-2017\\\/\",\"url\":\"https:\\\/\\\/www.fifv.cl\\\/2017\\\/programa\\\/jueves-2-noviembre-2017\\\/\",\"name\":\"Jueves 2 de Noviembre 2017 - Festival Internacional de Fotograf&iacute;a en Valpara&iacute;so | FIFV.cl\",\"isPartOf\":{\"@id\":\"https:\\\/\\\/www.fifv.cl\\\/2017\\\/#website\"},\"datePublished\":\"2017-10-19T15:35:41+00:00\",\"dateModified\":\"2017-10-23T17:21:07+00:00\",\"author\":{\"@id\":\"https:\\\/\\\/www.fifv.cl\\\/2017\\\/#\\\/schema\\\/person\\\/16cd8c86753bb157fbbc2ac57875d16b\"},\"breadcrumb\":{\"@id\":\"https:\\\/\\\/www.fifv.cl\\\/2017\\\/programa\\\/jueves-2-noviembre-2017\\\/#breadcrumb\"},\"inLanguage\":\"es\",\"potentialAction\":[{\"@type\":\"ReadAction\",\"target\":[\"https:\\\/\\\/www.fifv.cl\\\/2017\\\/programa\\\/jueves-2-noviembre-2017\\\/\"]}]},{\"@type\":\"BreadcrumbList\",\"@id\":\"https:\\\/\\\/www.fifv.cl\\\/2017\\\/programa\\\/jueves-2-noviembre-2017\\\/#breadcrumb\",\"itemListElement\":[{\"@type\":\"ListItem\",\"position\":1,\"name\":\"Portada\",\"item\":\"https:\\\/\\\/www.fifv.cl\\\/2017\\\/\"},{\"@type\":\"ListItem\",\"position\":2,\"name\":\"Jueves 2 de Noviembre 2017\"}]},{\"@type\":\"WebSite\",\"@id\":\"https:\\\/\\\/www.fifv.cl\\\/2017\\\/#website\",\"url\":\"https:\\\/\\\/www.fifv.cl\\\/2017\\\/\",\"name\":\"Festival Internacional de Fotograf&iacute;a en Valpara&iacute;so | FIFV.cl\",\"description\":\"El FIFV, es un festival de creaci\u00f3n fotogr\u00e1fica que lo hace \u00fanico en su g\u00e9nero. Durante cada edici\u00f3n, las fot\u00f3grafas y los fot\u00f3grafos participan de un proceso de creaci\u00f3n en el cual todas las im\u00e1genes se producen en el marco de las residencias, los talleres y las brigadas fotogr\u00e1ficas, y tienen un hilo conductor: entender el mundo desde Valpara\u00edso.\",\"potentialAction\":[{\"@type\":\"SearchAction\",\"target\":{\"@type\":\"EntryPoint\",\"urlTemplate\":\"https:\\\/\\\/www.fifv.cl\\\/2017\\\/?s={search_term_string}\"},\"query-input\":{\"@type\":\"PropertyValueSpecification\",\"valueRequired\":true,\"valueName\":\"search_term_string\"}}],\"inLanguage\":\"es\"},{\"@type\":\"Person\",\"@id\":\"https:\\\/\\\/www.fifv.cl\\\/2017\\\/#\\\/schema\\\/person\\\/16cd8c86753bb157fbbc2ac57875d16b\",\"name\":\"manager\",\"image\":{\"@type\":\"ImageObject\",\"inLanguage\":\"es\",\"@id\":\"https:\\\/\\\/secure.gravatar.com\\\/avatar\\\/2a512444d554a8ec59ea58700bee3697d78437b682774db32cea6fae09b2c878?s=96&d=mm&r=g\",\"url\":\"https:\\\/\\\/secure.gravatar.com\\\/avatar\\\/2a512444d554a8ec59ea58700bee3697d78437b682774db32cea6fae09b2c878?s=96&d=mm&r=g\",\"contentUrl\":\"https:\\\/\\\/secure.gravatar.com\\\/avatar\\\/2a512444d554a8ec59ea58700bee3697d78437b682774db32cea6fae09b2c878?s=96&d=mm&r=g\",\"caption\":\"manager\"},\"url\":\"https:\\\/\\\/www.fifv.cl\\\/2017\\\/author\\\/manager\\\/\"}]}<\/script>\n<!-- \/ Yoast SEO plugin. -->","yoast_head_json":{"title":"Jueves 2 de Noviembre 2017 - Festival Internacional de Fotograf&iacute;a en Valpara&iacute;so | FIFV.cl","robots":{"index":"index","follow":"follow","max-snippet":"max-snippet:-1","max-image-preview":"max-image-preview:large","max-video-preview":"max-video-preview:-1"},"canonical":"https:\/\/www.fifv.cl\/2017\/programa\/jueves-2-noviembre-2017\/","og_locale":"es_ES","og_type":"article","og_title":"Jueves 2 de Noviembre 2017 - Festival Internacional de Fotograf&iacute;a en Valpara&iacute;so | FIFV.cl","og_description":"11:30 &#8211; 13:00 Casa Plan Brasil 1490, Plan Di\u00e1logos Subterr\u00e1neos Espacio libre de conversaci\u00f3n abierta 19:00 a 21:30 El Internado Pasaje Dimalow 167, Cerro Alegre Di\u00e1logos Fotogr\u00e1ficos 19:00 DJ Book [&hellip;]","og_url":"https:\/\/www.fifv.cl\/2017\/programa\/jueves-2-noviembre-2017\/","og_site_name":"Festival Internacional de Fotograf&iacute;a en Valpara&iacute;so | FIFV.cl","article_published_time":"2017-10-19T15:35:41+00:00","article_modified_time":"2017-10-23T17:21:07+00:00","author":"manager","twitter_card":"summary_large_image","twitter_misc":{"Escrito por":"manager"},"schema":{"@context":"https:\/\/schema.org","@graph":[{"@type":"Article","@id":"https:\/\/www.fifv.cl\/2017\/programa\/jueves-2-noviembre-2017\/#article","isPartOf":{"@id":"https:\/\/www.fifv.cl\/2017\/programa\/jueves-2-noviembre-2017\/"},"author":{"name":"manager","@id":"https:\/\/www.fifv.cl\/2017\/#\/schema\/person\/16cd8c86753bb157fbbc2ac57875d16b"},"headline":"Jueves 2 de Noviembre 2017","datePublished":"2017-10-19T15:35:41+00:00","dateModified":"2017-10-23T17:21:07+00:00","mainEntityOfPage":{"@id":"https:\/\/www.fifv.cl\/2017\/programa\/jueves-2-noviembre-2017\/"},"wordCount":86,"commentCount":0,"articleSection":["Programa"],"inLanguage":"es","potentialAction":[{"@type":"CommentAction","name":"Comment","target":["https:\/\/www.fifv.cl\/2017\/programa\/jueves-2-noviembre-2017\/#respond"]}]},{"@type":"WebPage","@id":"https:\/\/www.fifv.cl\/2017\/programa\/jueves-2-noviembre-2017\/","url":"https:\/\/www.fifv.cl\/2017\/programa\/jueves-2-noviembre-2017\/","name":"Jueves 2 de Noviembre 2017 - Festival Internacional de Fotograf&iacute;a en Valpara&iacute;so | FIFV.cl","isPartOf":{"@id":"https:\/\/www.fifv.cl\/2017\/#website"},"datePublished":"2017-10-19T15:35:41+00:00","dateModified":"2017-10-23T17:21:07+00:00","author":{"@id":"https:\/\/www.fifv.cl\/2017\/#\/schema\/person\/16cd8c86753bb157fbbc2ac57875d16b"},"breadcrumb":{"@id":"https:\/\/www.fifv.cl\/2017\/programa\/jueves-2-noviembre-2017\/#breadcrumb"},"inLanguage":"es","potentialAction":[{"@type":"ReadAction","target":["https:\/\/www.fifv.cl\/2017\/programa\/jueves-2-noviembre-2017\/"]}]},{"@type":"BreadcrumbList","@id":"https:\/\/www.fifv.cl\/2017\/programa\/jueves-2-noviembre-2017\/#breadcrumb","itemListElement":[{"@type":"ListItem","position":1,"name":"Portada","item":"https:\/\/www.fifv.cl\/2017\/"},{"@type":"ListItem","position":2,"name":"Jueves 2 de Noviembre 2017"}]},{"@type":"WebSite","@id":"https:\/\/www.fifv.cl\/2017\/#website","url":"https:\/\/www.fifv.cl\/2017\/","name":"Festival Internacional de Fotograf&iacute;a en Valpara&iacute;so | FIFV.cl","description":"El FIFV, es un festival de creaci\u00f3n fotogr\u00e1fica que lo hace \u00fanico en su g\u00e9nero. Durante cada edici\u00f3n, las fot\u00f3grafas y los fot\u00f3grafos participan de un proceso de creaci\u00f3n en el cual todas las im\u00e1genes se producen en el marco de las residencias, los talleres y las brigadas fotogr\u00e1ficas, y tienen un hilo conductor: entender el mundo desde Valpara\u00edso.","potentialAction":[{"@type":"SearchAction","target":{"@type":"EntryPoint","urlTemplate":"https:\/\/www.fifv.cl\/2017\/?s={search_term_string}"},"query-input":{"@type":"PropertyValueSpecification","valueRequired":true,"valueName":"search_term_string"}}],"inLanguage":"es"},{"@type":"Person","@id":"https:\/\/www.fifv.cl\/2017\/#\/schema\/person\/16cd8c86753bb157fbbc2ac57875d16b","name":"manager","image":{"@type":"ImageObject","inLanguage":"es","@id":"https:\/\/secure.gravatar.com\/avatar\/2a512444d554a8ec59ea58700bee3697d78437b682774db32cea6fae09b2c878?s=96&d=mm&r=g","url":"https:\/\/secure.gravatar.com\/avatar\/2a512444d554a8ec59ea58700bee3697d78437b682774db32cea6fae09b2c878?s=96&d=mm&r=g","contentUrl":"https:\/\/secure.gravatar.com\/avatar\/2a512444d554a8ec59ea58700bee3697d78437b682774db32cea6fae09b2c878?s=96&d=mm&r=g","caption":"manager"},"url":"https:\/\/www.fifv.cl\/2017\/author\/manager\/"}]}},"_links":{"self":[{"href":"https:\/\/www.fifv.cl\/2017\/wp-json\/wp\/v2\/posts\/5812","targetHints":{"allow":["GET"]}}],"collection":[{"href":"https:\/\/www.fifv.cl\/2017\/wp-json\/wp\/v2\/posts"}],"about":[{"href":"https:\/\/www.fifv.cl\/2017\/wp-json\/wp\/v2\/types\/post"}],"author":[{"embeddable":true,"href":"https:\/\/www.fifv.cl\/2017\/wp-json\/wp\/v2\/users\/1"}],"replies":[{"embeddable":true,"href":"https:\/\/www.fifv.cl\/2017\/wp-json\/wp\/v2\/comments?post=5812"}],"version-history":[{"count":3,"href":"https:\/\/www.fifv.cl\/2017\/wp-json\/wp\/v2\/posts\/5812\/revisions"}],"predecessor-version":[{"id":5892,"href":"https:\/\/www.fifv.cl\/2017\/wp-json\/wp\/v2\/posts\/5812\/revisions\/5892"}],"wp:attachment":[{"href":"https:\/\/www.fifv.cl\/2017\/wp-json\/wp\/v2\/media?parent=5812"}],"wp:term":[{"taxonomy":"category","embeddable":true,"href":"https:\/\/www.fifv.cl\/2017\/wp-json\/wp\/v2\/categories?post=5812"},{"taxonomy":"post_tag","embeddable":true,"href":"https:\/\/www.fifv.cl\/2017\/wp-json\/wp\/v2\/tags?post=5812"}],"curies":[{"name":"wp","href":"https:\/\/api.w.org\/{rel}","templated":true}]}}