{"id":5786,"date":"2017-10-19T15:38:02","date_gmt":"2017-10-19T15:38:02","guid":{"rendered":"http:\/\/www.fifv.cl\/2017-new\/?p=5786"},"modified":"2017-10-23T17:31:01","modified_gmt":"2017-10-23T17:31:01","slug":"viernes-17-de-noviembre","status":"publish","type":"post","link":"https:\/\/www.fifv.cl\/2017\/programa\/viernes-17-de-noviembre\/","title":{"rendered":"Viernes 17 de Noviembre"},"content":{"rendered":"<p><strong>Inauguraci\u00f3n Exposici\u00f3n Central FIFV2017 y Entrega del premio \u201cRodrigo Rojas de Negri\u201d del Consejo de la Cultura y las Artes.<\/strong><\/p>\n<p><strong>19:00 Hrs<\/strong><\/p>\n<p><strong>Parque Cultural de Valpara\u00edso<br \/>\nC\u00e1rcel 741, Cerro C\u00e1rcel<\/strong><\/p>\n<p>\u201c\u00bfA qu\u00e9 distancia miramos la diferencia?\u201d<\/p>\n<p><strong>Ana Casas<\/strong> &#8211; <strong>Z\u00f3ltan Jok\u00e1y &#8211; Smith &#8211; Xavier Martin &#8211; Cristi\u00e1n Ochoa &#8211; Intermediaci\u00f3n FIFV<\/strong><\/p>\n","protected":false},"excerpt":{"rendered":"<p>Inauguraci\u00f3n Exposici\u00f3n Central FIFV2017 y Entrega del premio \u201cRodrigo Rojas de Negri\u201d del Consejo de la Cultura y las Artes. 19:00 Hrs Parque Cultural de Valpara\u00edso C\u00e1rcel 741, Cerro C\u00e1rcel [&hellip;]<\/p>\n","protected":false},"author":1,"featured_media":0,"comment_status":"open","ping_status":"open","sticky":false,"template":"","format":"standard","meta":{"footnotes":""},"categories":[8],"tags":[],"class_list":["post-5786","post","type-post","status-publish","format-standard","hentry","category-programa"],"yoast_head":"<!-- This site is optimized with the Yoast SEO plugin v27.5 - https:\/\/yoast.com\/product\/yoast-seo-wordpress\/ -->\n<title>Viernes 17 de Noviembre - Festival Internacional de Fotograf&iacute;a en Valpara&iacute;so | FIFV.cl<\/title>\n<meta name=\"robots\" content=\"index, follow, max-snippet:-1, max-image-preview:large, max-video-preview:-1\" \/>\n<link rel=\"canonical\" href=\"https:\/\/www.fifv.cl\/2017\/programa\/viernes-17-de-noviembre\/\" \/>\n<meta property=\"og:locale\" content=\"es_ES\" \/>\n<meta property=\"og:type\" content=\"article\" \/>\n<meta property=\"og:title\" content=\"Viernes 17 de Noviembre - Festival Internacional de Fotograf&iacute;a en Valpara&iacute;so | FIFV.cl\" \/>\n<meta property=\"og:description\" content=\"Inauguraci\u00f3n Exposici\u00f3n Central FIFV2017 y Entrega del premio \u201cRodrigo Rojas de Negri\u201d del Consejo de la Cultura y las Artes. 19:00 Hrs Parque Cultural de Valpara\u00edso C\u00e1rcel 741, Cerro C\u00e1rcel [&hellip;]\" \/>\n<meta property=\"og:url\" content=\"https:\/\/www.fifv.cl\/2017\/programa\/viernes-17-de-noviembre\/\" \/>\n<meta property=\"og:site_name\" content=\"Festival Internacional de Fotograf&iacute;a en Valpara&iacute;so | FIFV.cl\" \/>\n<meta property=\"article:published_time\" content=\"2017-10-19T15:38:02+00:00\" \/>\n<meta property=\"article:modified_time\" content=\"2017-10-23T17:31:01+00:00\" \/>\n<meta name=\"author\" content=\"manager\" \/>\n<meta name=\"twitter:card\" content=\"summary_large_image\" \/>\n<meta name=\"twitter:label1\" content=\"Escrito por\" \/>\n\t<meta name=\"twitter:data1\" content=\"manager\" \/>\n<script type=\"application\/ld+json\" class=\"yoast-schema-graph\">{\"@context\":\"https:\\\/\\\/schema.org\",\"@graph\":[{\"@type\":\"Article\",\"@id\":\"https:\\\/\\\/www.fifv.cl\\\/2017\\\/programa\\\/viernes-17-de-noviembre\\\/#article\",\"isPartOf\":{\"@id\":\"https:\\\/\\\/www.fifv.cl\\\/2017\\\/programa\\\/viernes-17-de-noviembre\\\/\"},\"author\":{\"name\":\"manager\",\"@id\":\"https:\\\/\\\/www.fifv.cl\\\/2017\\\/#\\\/schema\\\/person\\\/16cd8c86753bb157fbbc2ac57875d16b\"},\"headline\":\"Viernes 17 de Noviembre\",\"datePublished\":\"2017-10-19T15:38:02+00:00\",\"dateModified\":\"2017-10-23T17:31:01+00:00\",\"mainEntityOfPage\":{\"@id\":\"https:\\\/\\\/www.fifv.cl\\\/2017\\\/programa\\\/viernes-17-de-noviembre\\\/\"},\"wordCount\":62,\"commentCount\":0,\"articleSection\":[\"Programa\"],\"inLanguage\":\"es\",\"potentialAction\":[{\"@type\":\"CommentAction\",\"name\":\"Comment\",\"target\":[\"https:\\\/\\\/www.fifv.cl\\\/2017\\\/programa\\\/viernes-17-de-noviembre\\\/#respond\"]}]},{\"@type\":\"WebPage\",\"@id\":\"https:\\\/\\\/www.fifv.cl\\\/2017\\\/programa\\\/viernes-17-de-noviembre\\\/\",\"url\":\"https:\\\/\\\/www.fifv.cl\\\/2017\\\/programa\\\/viernes-17-de-noviembre\\\/\",\"name\":\"Viernes 17 de Noviembre - Festival Internacional de Fotograf&iacute;a en Valpara&iacute;so | FIFV.cl\",\"isPartOf\":{\"@id\":\"https:\\\/\\\/www.fifv.cl\\\/2017\\\/#website\"},\"datePublished\":\"2017-10-19T15:38:02+00:00\",\"dateModified\":\"2017-10-23T17:31:01+00:00\",\"author\":{\"@id\":\"https:\\\/\\\/www.fifv.cl\\\/2017\\\/#\\\/schema\\\/person\\\/16cd8c86753bb157fbbc2ac57875d16b\"},\"breadcrumb\":{\"@id\":\"https:\\\/\\\/www.fifv.cl\\\/2017\\\/programa\\\/viernes-17-de-noviembre\\\/#breadcrumb\"},\"inLanguage\":\"es\",\"potentialAction\":[{\"@type\":\"ReadAction\",\"target\":[\"https:\\\/\\\/www.fifv.cl\\\/2017\\\/programa\\\/viernes-17-de-noviembre\\\/\"]}]},{\"@type\":\"BreadcrumbList\",\"@id\":\"https:\\\/\\\/www.fifv.cl\\\/2017\\\/programa\\\/viernes-17-de-noviembre\\\/#breadcrumb\",\"itemListElement\":[{\"@type\":\"ListItem\",\"position\":1,\"name\":\"Portada\",\"item\":\"https:\\\/\\\/www.fifv.cl\\\/2017\\\/\"},{\"@type\":\"ListItem\",\"position\":2,\"name\":\"Viernes 17 de Noviembre\"}]},{\"@type\":\"WebSite\",\"@id\":\"https:\\\/\\\/www.fifv.cl\\\/2017\\\/#website\",\"url\":\"https:\\\/\\\/www.fifv.cl\\\/2017\\\/\",\"name\":\"Festival Internacional de Fotograf&iacute;a en Valpara&iacute;so | FIFV.cl\",\"description\":\"El FIFV, es un festival de creaci\u00f3n fotogr\u00e1fica que lo hace \u00fanico en su g\u00e9nero. Durante cada edici\u00f3n, las fot\u00f3grafas y los fot\u00f3grafos participan de un proceso de creaci\u00f3n en el cual todas las im\u00e1genes se producen en el marco de las residencias, los talleres y las brigadas fotogr\u00e1ficas, y tienen un hilo conductor: entender el mundo desde Valpara\u00edso.\",\"potentialAction\":[{\"@type\":\"SearchAction\",\"target\":{\"@type\":\"EntryPoint\",\"urlTemplate\":\"https:\\\/\\\/www.fifv.cl\\\/2017\\\/?s={search_term_string}\"},\"query-input\":{\"@type\":\"PropertyValueSpecification\",\"valueRequired\":true,\"valueName\":\"search_term_string\"}}],\"inLanguage\":\"es\"},{\"@type\":\"Person\",\"@id\":\"https:\\\/\\\/www.fifv.cl\\\/2017\\\/#\\\/schema\\\/person\\\/16cd8c86753bb157fbbc2ac57875d16b\",\"name\":\"manager\",\"image\":{\"@type\":\"ImageObject\",\"inLanguage\":\"es\",\"@id\":\"https:\\\/\\\/secure.gravatar.com\\\/avatar\\\/2a512444d554a8ec59ea58700bee3697d78437b682774db32cea6fae09b2c878?s=96&d=mm&r=g\",\"url\":\"https:\\\/\\\/secure.gravatar.com\\\/avatar\\\/2a512444d554a8ec59ea58700bee3697d78437b682774db32cea6fae09b2c878?s=96&d=mm&r=g\",\"contentUrl\":\"https:\\\/\\\/secure.gravatar.com\\\/avatar\\\/2a512444d554a8ec59ea58700bee3697d78437b682774db32cea6fae09b2c878?s=96&d=mm&r=g\",\"caption\":\"manager\"},\"url\":\"https:\\\/\\\/www.fifv.cl\\\/2017\\\/author\\\/manager\\\/\"}]}<\/script>\n<!-- \/ Yoast SEO plugin. -->","yoast_head_json":{"title":"Viernes 17 de Noviembre - Festival Internacional de Fotograf&iacute;a en Valpara&iacute;so | FIFV.cl","robots":{"index":"index","follow":"follow","max-snippet":"max-snippet:-1","max-image-preview":"max-image-preview:large","max-video-preview":"max-video-preview:-1"},"canonical":"https:\/\/www.fifv.cl\/2017\/programa\/viernes-17-de-noviembre\/","og_locale":"es_ES","og_type":"article","og_title":"Viernes 17 de Noviembre - Festival Internacional de Fotograf&iacute;a en Valpara&iacute;so | FIFV.cl","og_description":"Inauguraci\u00f3n Exposici\u00f3n Central FIFV2017 y Entrega del premio \u201cRodrigo Rojas de Negri\u201d del Consejo de la Cultura y las Artes. 19:00 Hrs Parque Cultural de Valpara\u00edso C\u00e1rcel 741, Cerro C\u00e1rcel [&hellip;]","og_url":"https:\/\/www.fifv.cl\/2017\/programa\/viernes-17-de-noviembre\/","og_site_name":"Festival Internacional de Fotograf&iacute;a en Valpara&iacute;so | FIFV.cl","article_published_time":"2017-10-19T15:38:02+00:00","article_modified_time":"2017-10-23T17:31:01+00:00","author":"manager","twitter_card":"summary_large_image","twitter_misc":{"Escrito por":"manager"},"schema":{"@context":"https:\/\/schema.org","@graph":[{"@type":"Article","@id":"https:\/\/www.fifv.cl\/2017\/programa\/viernes-17-de-noviembre\/#article","isPartOf":{"@id":"https:\/\/www.fifv.cl\/2017\/programa\/viernes-17-de-noviembre\/"},"author":{"name":"manager","@id":"https:\/\/www.fifv.cl\/2017\/#\/schema\/person\/16cd8c86753bb157fbbc2ac57875d16b"},"headline":"Viernes 17 de Noviembre","datePublished":"2017-10-19T15:38:02+00:00","dateModified":"2017-10-23T17:31:01+00:00","mainEntityOfPage":{"@id":"https:\/\/www.fifv.cl\/2017\/programa\/viernes-17-de-noviembre\/"},"wordCount":62,"commentCount":0,"articleSection":["Programa"],"inLanguage":"es","potentialAction":[{"@type":"CommentAction","name":"Comment","target":["https:\/\/www.fifv.cl\/2017\/programa\/viernes-17-de-noviembre\/#respond"]}]},{"@type":"WebPage","@id":"https:\/\/www.fifv.cl\/2017\/programa\/viernes-17-de-noviembre\/","url":"https:\/\/www.fifv.cl\/2017\/programa\/viernes-17-de-noviembre\/","name":"Viernes 17 de Noviembre - Festival Internacional de Fotograf&iacute;a en Valpara&iacute;so | FIFV.cl","isPartOf":{"@id":"https:\/\/www.fifv.cl\/2017\/#website"},"datePublished":"2017-10-19T15:38:02+00:00","dateModified":"2017-10-23T17:31:01+00:00","author":{"@id":"https:\/\/www.fifv.cl\/2017\/#\/schema\/person\/16cd8c86753bb157fbbc2ac57875d16b"},"breadcrumb":{"@id":"https:\/\/www.fifv.cl\/2017\/programa\/viernes-17-de-noviembre\/#breadcrumb"},"inLanguage":"es","potentialAction":[{"@type":"ReadAction","target":["https:\/\/www.fifv.cl\/2017\/programa\/viernes-17-de-noviembre\/"]}]},{"@type":"BreadcrumbList","@id":"https:\/\/www.fifv.cl\/2017\/programa\/viernes-17-de-noviembre\/#breadcrumb","itemListElement":[{"@type":"ListItem","position":1,"name":"Portada","item":"https:\/\/www.fifv.cl\/2017\/"},{"@type":"ListItem","position":2,"name":"Viernes 17 de Noviembre"}]},{"@type":"WebSite","@id":"https:\/\/www.fifv.cl\/2017\/#website","url":"https:\/\/www.fifv.cl\/2017\/","name":"Festival Internacional de Fotograf&iacute;a en Valpara&iacute;so | FIFV.cl","description":"El FIFV, es un festival de creaci\u00f3n fotogr\u00e1fica que lo hace \u00fanico en su g\u00e9nero. Durante cada edici\u00f3n, las fot\u00f3grafas y los fot\u00f3grafos participan de un proceso de creaci\u00f3n en el cual todas las im\u00e1genes se producen en el marco de las residencias, los talleres y las brigadas fotogr\u00e1ficas, y tienen un hilo conductor: entender el mundo desde Valpara\u00edso.","potentialAction":[{"@type":"SearchAction","target":{"@type":"EntryPoint","urlTemplate":"https:\/\/www.fifv.cl\/2017\/?s={search_term_string}"},"query-input":{"@type":"PropertyValueSpecification","valueRequired":true,"valueName":"search_term_string"}}],"inLanguage":"es"},{"@type":"Person","@id":"https:\/\/www.fifv.cl\/2017\/#\/schema\/person\/16cd8c86753bb157fbbc2ac57875d16b","name":"manager","image":{"@type":"ImageObject","inLanguage":"es","@id":"https:\/\/secure.gravatar.com\/avatar\/2a512444d554a8ec59ea58700bee3697d78437b682774db32cea6fae09b2c878?s=96&d=mm&r=g","url":"https:\/\/secure.gravatar.com\/avatar\/2a512444d554a8ec59ea58700bee3697d78437b682774db32cea6fae09b2c878?s=96&d=mm&r=g","contentUrl":"https:\/\/secure.gravatar.com\/avatar\/2a512444d554a8ec59ea58700bee3697d78437b682774db32cea6fae09b2c878?s=96&d=mm&r=g","caption":"manager"},"url":"https:\/\/www.fifv.cl\/2017\/author\/manager\/"}]}},"_links":{"self":[{"href":"https:\/\/www.fifv.cl\/2017\/wp-json\/wp\/v2\/posts\/5786","targetHints":{"allow":["GET"]}}],"collection":[{"href":"https:\/\/www.fifv.cl\/2017\/wp-json\/wp\/v2\/posts"}],"about":[{"href":"https:\/\/www.fifv.cl\/2017\/wp-json\/wp\/v2\/types\/post"}],"author":[{"embeddable":true,"href":"https:\/\/www.fifv.cl\/2017\/wp-json\/wp\/v2\/users\/1"}],"replies":[{"embeddable":true,"href":"https:\/\/www.fifv.cl\/2017\/wp-json\/wp\/v2\/comments?post=5786"}],"version-history":[{"count":2,"href":"https:\/\/www.fifv.cl\/2017\/wp-json\/wp\/v2\/posts\/5786\/revisions"}],"predecessor-version":[{"id":5896,"href":"https:\/\/www.fifv.cl\/2017\/wp-json\/wp\/v2\/posts\/5786\/revisions\/5896"}],"wp:attachment":[{"href":"https:\/\/www.fifv.cl\/2017\/wp-json\/wp\/v2\/media?parent=5786"}],"wp:term":[{"taxonomy":"category","embeddable":true,"href":"https:\/\/www.fifv.cl\/2017\/wp-json\/wp\/v2\/categories?post=5786"},{"taxonomy":"post_tag","embeddable":true,"href":"https:\/\/www.fifv.cl\/2017\/wp-json\/wp\/v2\/tags?post=5786"}],"curies":[{"name":"wp","href":"https:\/\/api.w.org\/{rel}","templated":true}]}}