{"id":5776,"date":"2017-10-18T12:12:52","date_gmt":"2017-10-18T12:12:52","guid":{"rendered":"http:\/\/www.fifv.cl\/2017-new\/?p=5776"},"modified":"2017-10-23T17:14:42","modified_gmt":"2017-10-23T17:14:42","slug":"domingo-29-de-octubre-2017","status":"publish","type":"post","link":"https:\/\/www.fifv.cl\/2017\/programa\/domingo-29-de-octubre-2017\/","title":{"rendered":"Domingo 29 de Octubre 2017"},"content":{"rendered":"<p><strong>11:00 a 20:00 hrs<\/strong><\/p>\n<p><strong>Av. Brasil<br \/>\nAvenida Brasil esquina Pudeto<br \/>\n<\/strong><\/p>\n<p>Exposici\u00f3n <strong>\u201cFotolibros Biblioteca FIFV\u201d <\/strong><\/p>\n<p>Curator\u00eda estudiantes del Instituto ARCOS Vi\u00f1a<\/p>\n<p><strong>10:00 a 13:00 hrs &#8211; <\/strong><\/p>\n<p><strong>Av. Brasil<br \/>\nAvenida Brasil esquina Pudeto<br \/>\n<\/strong><\/p>\n<p>\u201cTaller con Pic-Nic\u201d \u00a0<strong>Colectivo MIGRAR<\/strong> (Cupos limitados)<\/p>\n<p><strong>11:30 &#8211; 13:00 <\/strong><\/p>\n<p><strong>Casa Plan<br \/>\nBrasil 1490 Plan<br \/>\n<\/strong><\/p>\n<p>Di\u00e1logos Subterr\u00e1neos<br \/>\nEspacio libre de conversaci\u00f3n abierta<\/p>\n<p><strong>13:30 hrs<\/strong><\/p>\n<p><strong>Dinamarca 399<br \/>\nDinamarca 399, Cerro Pante\u00f3n<br \/>\n<\/strong><\/p>\n<p>Inauguraci\u00f3n exposici\u00f3n<br \/>\n\u201cCamino de la incertidumbre\u201d de <strong>Patricio Salinas<\/strong><\/p>\n<p><strong>19:00 a 21:30<\/strong><\/p>\n<p><strong>Di\u00e1logos Fotogr\u00e1ficos en El Internado<\/strong><\/p>\n<p>19:00 Di\u00e1logo con <strong>Patricio Salinas<\/strong>, <strong>Pedro Donoso<\/strong> y \u00a0<strong>Marcela Fuentealba<\/strong><\/p>\n<p>(Chile &#8211; Santiago\/Valpara\u00edso) Investigaci\u00f3n visual de los \u00faltimos d\u00edas de Walter Benjamin<\/p>\n<p>19:45 Di\u00e1logo con <strong>Celeste Rojas <\/strong>(Chile &#8211; Buenos Aires) y <strong>Agustina Triquell<\/strong> (Argentina)<\/p>\n<p>\u201cUna sombra oscilante\u201d editado por Asunci\u00f3n Casa Editora (Argentina)<\/p>\n<p>20:30 Proyecci\u00f3n del film \u201cAlvaro Hoppe Gui\u00f1ez: Espectador activo\u201d de<strong> Paulina Y\u00e1\u00f1ez\u00a0<\/strong>seguido de un encuentro con<strong> \u00c1lvaro Hoppe <\/strong>(Chile &#8211; Santiago)<\/p>\n","protected":false},"excerpt":{"rendered":"<p>11:00 a 20:00 hrs Av. Brasil Avenida Brasil esquina Pudeto Exposici\u00f3n \u201cFotolibros Biblioteca FIFV\u201d Curator\u00eda estudiantes del Instituto ARCOS Vi\u00f1a 10:00 a 13:00 hrs &#8211; Av. Brasil Avenida Brasil esquina [&hellip;]<\/p>\n","protected":false},"author":1,"featured_media":0,"comment_status":"open","ping_status":"open","sticky":false,"template":"","format":"standard","meta":{"footnotes":""},"categories":[8],"tags":[],"class_list":["post-5776","post","type-post","status-publish","format-standard","hentry","category-programa"],"yoast_head":"<!-- This site is optimized with the Yoast SEO plugin v27.5 - https:\/\/yoast.com\/product\/yoast-seo-wordpress\/ -->\n<title>Domingo 29 de Octubre 2017 - Festival Internacional de Fotograf&iacute;a en Valpara&iacute;so | FIFV.cl<\/title>\n<meta name=\"robots\" content=\"index, follow, max-snippet:-1, max-image-preview:large, max-video-preview:-1\" \/>\n<link rel=\"canonical\" href=\"https:\/\/www.fifv.cl\/2017\/programa\/domingo-29-de-octubre-2017\/\" \/>\n<meta property=\"og:locale\" content=\"es_ES\" \/>\n<meta property=\"og:type\" content=\"article\" \/>\n<meta property=\"og:title\" content=\"Domingo 29 de Octubre 2017 - Festival Internacional de Fotograf&iacute;a en Valpara&iacute;so | FIFV.cl\" \/>\n<meta property=\"og:description\" content=\"11:00 a 20:00 hrs Av. Brasil Avenida Brasil esquina Pudeto Exposici\u00f3n \u201cFotolibros Biblioteca FIFV\u201d Curator\u00eda estudiantes del Instituto ARCOS Vi\u00f1a 10:00 a 13:00 hrs &#8211; Av. Brasil Avenida Brasil esquina [&hellip;]\" \/>\n<meta property=\"og:url\" content=\"https:\/\/www.fifv.cl\/2017\/programa\/domingo-29-de-octubre-2017\/\" \/>\n<meta property=\"og:site_name\" content=\"Festival Internacional de Fotograf&iacute;a en Valpara&iacute;so | FIFV.cl\" \/>\n<meta property=\"article:published_time\" content=\"2017-10-18T12:12:52+00:00\" \/>\n<meta property=\"article:modified_time\" content=\"2017-10-23T17:14:42+00:00\" \/>\n<meta name=\"author\" content=\"manager\" \/>\n<meta name=\"twitter:card\" content=\"summary_large_image\" \/>\n<meta name=\"twitter:label1\" content=\"Escrito por\" \/>\n\t<meta name=\"twitter:data1\" content=\"manager\" \/>\n\t<meta name=\"twitter:label2\" content=\"Tiempo de lectura\" \/>\n\t<meta name=\"twitter:data2\" content=\"1 minuto\" \/>\n<script type=\"application\/ld+json\" class=\"yoast-schema-graph\">{\"@context\":\"https:\\\/\\\/schema.org\",\"@graph\":[{\"@type\":\"Article\",\"@id\":\"https:\\\/\\\/www.fifv.cl\\\/2017\\\/programa\\\/domingo-29-de-octubre-2017\\\/#article\",\"isPartOf\":{\"@id\":\"https:\\\/\\\/www.fifv.cl\\\/2017\\\/programa\\\/domingo-29-de-octubre-2017\\\/\"},\"author\":{\"name\":\"manager\",\"@id\":\"https:\\\/\\\/www.fifv.cl\\\/2017\\\/#\\\/schema\\\/person\\\/16cd8c86753bb157fbbc2ac57875d16b\"},\"headline\":\"Domingo 29 de Octubre 2017\",\"datePublished\":\"2017-10-18T12:12:52+00:00\",\"dateModified\":\"2017-10-23T17:14:42+00:00\",\"mainEntityOfPage\":{\"@id\":\"https:\\\/\\\/www.fifv.cl\\\/2017\\\/programa\\\/domingo-29-de-octubre-2017\\\/\"},\"wordCount\":153,\"commentCount\":0,\"articleSection\":[\"Programa\"],\"inLanguage\":\"es\",\"potentialAction\":[{\"@type\":\"CommentAction\",\"name\":\"Comment\",\"target\":[\"https:\\\/\\\/www.fifv.cl\\\/2017\\\/programa\\\/domingo-29-de-octubre-2017\\\/#respond\"]}]},{\"@type\":\"WebPage\",\"@id\":\"https:\\\/\\\/www.fifv.cl\\\/2017\\\/programa\\\/domingo-29-de-octubre-2017\\\/\",\"url\":\"https:\\\/\\\/www.fifv.cl\\\/2017\\\/programa\\\/domingo-29-de-octubre-2017\\\/\",\"name\":\"Domingo 29 de Octubre 2017 - Festival Internacional de Fotograf&iacute;a en Valpara&iacute;so | FIFV.cl\",\"isPartOf\":{\"@id\":\"https:\\\/\\\/www.fifv.cl\\\/2017\\\/#website\"},\"datePublished\":\"2017-10-18T12:12:52+00:00\",\"dateModified\":\"2017-10-23T17:14:42+00:00\",\"author\":{\"@id\":\"https:\\\/\\\/www.fifv.cl\\\/2017\\\/#\\\/schema\\\/person\\\/16cd8c86753bb157fbbc2ac57875d16b\"},\"breadcrumb\":{\"@id\":\"https:\\\/\\\/www.fifv.cl\\\/2017\\\/programa\\\/domingo-29-de-octubre-2017\\\/#breadcrumb\"},\"inLanguage\":\"es\",\"potentialAction\":[{\"@type\":\"ReadAction\",\"target\":[\"https:\\\/\\\/www.fifv.cl\\\/2017\\\/programa\\\/domingo-29-de-octubre-2017\\\/\"]}]},{\"@type\":\"BreadcrumbList\",\"@id\":\"https:\\\/\\\/www.fifv.cl\\\/2017\\\/programa\\\/domingo-29-de-octubre-2017\\\/#breadcrumb\",\"itemListElement\":[{\"@type\":\"ListItem\",\"position\":1,\"name\":\"Portada\",\"item\":\"https:\\\/\\\/www.fifv.cl\\\/2017\\\/\"},{\"@type\":\"ListItem\",\"position\":2,\"name\":\"Domingo 29 de Octubre 2017\"}]},{\"@type\":\"WebSite\",\"@id\":\"https:\\\/\\\/www.fifv.cl\\\/2017\\\/#website\",\"url\":\"https:\\\/\\\/www.fifv.cl\\\/2017\\\/\",\"name\":\"Festival Internacional de Fotograf&iacute;a en Valpara&iacute;so | FIFV.cl\",\"description\":\"El FIFV, es un festival de creaci\u00f3n fotogr\u00e1fica que lo hace \u00fanico en su g\u00e9nero. Durante cada edici\u00f3n, las fot\u00f3grafas y los fot\u00f3grafos participan de un proceso de creaci\u00f3n en el cual todas las im\u00e1genes se producen en el marco de las residencias, los talleres y las brigadas fotogr\u00e1ficas, y tienen un hilo conductor: entender el mundo desde Valpara\u00edso.\",\"potentialAction\":[{\"@type\":\"SearchAction\",\"target\":{\"@type\":\"EntryPoint\",\"urlTemplate\":\"https:\\\/\\\/www.fifv.cl\\\/2017\\\/?s={search_term_string}\"},\"query-input\":{\"@type\":\"PropertyValueSpecification\",\"valueRequired\":true,\"valueName\":\"search_term_string\"}}],\"inLanguage\":\"es\"},{\"@type\":\"Person\",\"@id\":\"https:\\\/\\\/www.fifv.cl\\\/2017\\\/#\\\/schema\\\/person\\\/16cd8c86753bb157fbbc2ac57875d16b\",\"name\":\"manager\",\"image\":{\"@type\":\"ImageObject\",\"inLanguage\":\"es\",\"@id\":\"https:\\\/\\\/secure.gravatar.com\\\/avatar\\\/2a512444d554a8ec59ea58700bee3697d78437b682774db32cea6fae09b2c878?s=96&d=mm&r=g\",\"url\":\"https:\\\/\\\/secure.gravatar.com\\\/avatar\\\/2a512444d554a8ec59ea58700bee3697d78437b682774db32cea6fae09b2c878?s=96&d=mm&r=g\",\"contentUrl\":\"https:\\\/\\\/secure.gravatar.com\\\/avatar\\\/2a512444d554a8ec59ea58700bee3697d78437b682774db32cea6fae09b2c878?s=96&d=mm&r=g\",\"caption\":\"manager\"},\"url\":\"https:\\\/\\\/www.fifv.cl\\\/2017\\\/author\\\/manager\\\/\"}]}<\/script>\n<!-- \/ Yoast SEO plugin. -->","yoast_head_json":{"title":"Domingo 29 de Octubre 2017 - Festival Internacional de Fotograf&iacute;a en Valpara&iacute;so | FIFV.cl","robots":{"index":"index","follow":"follow","max-snippet":"max-snippet:-1","max-image-preview":"max-image-preview:large","max-video-preview":"max-video-preview:-1"},"canonical":"https:\/\/www.fifv.cl\/2017\/programa\/domingo-29-de-octubre-2017\/","og_locale":"es_ES","og_type":"article","og_title":"Domingo 29 de Octubre 2017 - Festival Internacional de Fotograf&iacute;a en Valpara&iacute;so | FIFV.cl","og_description":"11:00 a 20:00 hrs Av. Brasil Avenida Brasil esquina Pudeto Exposici\u00f3n \u201cFotolibros Biblioteca FIFV\u201d Curator\u00eda estudiantes del Instituto ARCOS Vi\u00f1a 10:00 a 13:00 hrs &#8211; Av. Brasil Avenida Brasil esquina [&hellip;]","og_url":"https:\/\/www.fifv.cl\/2017\/programa\/domingo-29-de-octubre-2017\/","og_site_name":"Festival Internacional de Fotograf&iacute;a en Valpara&iacute;so | FIFV.cl","article_published_time":"2017-10-18T12:12:52+00:00","article_modified_time":"2017-10-23T17:14:42+00:00","author":"manager","twitter_card":"summary_large_image","twitter_misc":{"Escrito por":"manager","Tiempo de lectura":"1 minuto"},"schema":{"@context":"https:\/\/schema.org","@graph":[{"@type":"Article","@id":"https:\/\/www.fifv.cl\/2017\/programa\/domingo-29-de-octubre-2017\/#article","isPartOf":{"@id":"https:\/\/www.fifv.cl\/2017\/programa\/domingo-29-de-octubre-2017\/"},"author":{"name":"manager","@id":"https:\/\/www.fifv.cl\/2017\/#\/schema\/person\/16cd8c86753bb157fbbc2ac57875d16b"},"headline":"Domingo 29 de Octubre 2017","datePublished":"2017-10-18T12:12:52+00:00","dateModified":"2017-10-23T17:14:42+00:00","mainEntityOfPage":{"@id":"https:\/\/www.fifv.cl\/2017\/programa\/domingo-29-de-octubre-2017\/"},"wordCount":153,"commentCount":0,"articleSection":["Programa"],"inLanguage":"es","potentialAction":[{"@type":"CommentAction","name":"Comment","target":["https:\/\/www.fifv.cl\/2017\/programa\/domingo-29-de-octubre-2017\/#respond"]}]},{"@type":"WebPage","@id":"https:\/\/www.fifv.cl\/2017\/programa\/domingo-29-de-octubre-2017\/","url":"https:\/\/www.fifv.cl\/2017\/programa\/domingo-29-de-octubre-2017\/","name":"Domingo 29 de Octubre 2017 - Festival Internacional de Fotograf&iacute;a en Valpara&iacute;so | FIFV.cl","isPartOf":{"@id":"https:\/\/www.fifv.cl\/2017\/#website"},"datePublished":"2017-10-18T12:12:52+00:00","dateModified":"2017-10-23T17:14:42+00:00","author":{"@id":"https:\/\/www.fifv.cl\/2017\/#\/schema\/person\/16cd8c86753bb157fbbc2ac57875d16b"},"breadcrumb":{"@id":"https:\/\/www.fifv.cl\/2017\/programa\/domingo-29-de-octubre-2017\/#breadcrumb"},"inLanguage":"es","potentialAction":[{"@type":"ReadAction","target":["https:\/\/www.fifv.cl\/2017\/programa\/domingo-29-de-octubre-2017\/"]}]},{"@type":"BreadcrumbList","@id":"https:\/\/www.fifv.cl\/2017\/programa\/domingo-29-de-octubre-2017\/#breadcrumb","itemListElement":[{"@type":"ListItem","position":1,"name":"Portada","item":"https:\/\/www.fifv.cl\/2017\/"},{"@type":"ListItem","position":2,"name":"Domingo 29 de Octubre 2017"}]},{"@type":"WebSite","@id":"https:\/\/www.fifv.cl\/2017\/#website","url":"https:\/\/www.fifv.cl\/2017\/","name":"Festival Internacional de Fotograf&iacute;a en Valpara&iacute;so | FIFV.cl","description":"El FIFV, es un festival de creaci\u00f3n fotogr\u00e1fica que lo hace \u00fanico en su g\u00e9nero. Durante cada edici\u00f3n, las fot\u00f3grafas y los fot\u00f3grafos participan de un proceso de creaci\u00f3n en el cual todas las im\u00e1genes se producen en el marco de las residencias, los talleres y las brigadas fotogr\u00e1ficas, y tienen un hilo conductor: entender el mundo desde Valpara\u00edso.","potentialAction":[{"@type":"SearchAction","target":{"@type":"EntryPoint","urlTemplate":"https:\/\/www.fifv.cl\/2017\/?s={search_term_string}"},"query-input":{"@type":"PropertyValueSpecification","valueRequired":true,"valueName":"search_term_string"}}],"inLanguage":"es"},{"@type":"Person","@id":"https:\/\/www.fifv.cl\/2017\/#\/schema\/person\/16cd8c86753bb157fbbc2ac57875d16b","name":"manager","image":{"@type":"ImageObject","inLanguage":"es","@id":"https:\/\/secure.gravatar.com\/avatar\/2a512444d554a8ec59ea58700bee3697d78437b682774db32cea6fae09b2c878?s=96&d=mm&r=g","url":"https:\/\/secure.gravatar.com\/avatar\/2a512444d554a8ec59ea58700bee3697d78437b682774db32cea6fae09b2c878?s=96&d=mm&r=g","contentUrl":"https:\/\/secure.gravatar.com\/avatar\/2a512444d554a8ec59ea58700bee3697d78437b682774db32cea6fae09b2c878?s=96&d=mm&r=g","caption":"manager"},"url":"https:\/\/www.fifv.cl\/2017\/author\/manager\/"}]}},"_links":{"self":[{"href":"https:\/\/www.fifv.cl\/2017\/wp-json\/wp\/v2\/posts\/5776","targetHints":{"allow":["GET"]}}],"collection":[{"href":"https:\/\/www.fifv.cl\/2017\/wp-json\/wp\/v2\/posts"}],"about":[{"href":"https:\/\/www.fifv.cl\/2017\/wp-json\/wp\/v2\/types\/post"}],"author":[{"embeddable":true,"href":"https:\/\/www.fifv.cl\/2017\/wp-json\/wp\/v2\/users\/1"}],"replies":[{"embeddable":true,"href":"https:\/\/www.fifv.cl\/2017\/wp-json\/wp\/v2\/comments?post=5776"}],"version-history":[{"count":4,"href":"https:\/\/www.fifv.cl\/2017\/wp-json\/wp\/v2\/posts\/5776\/revisions"}],"predecessor-version":[{"id":5884,"href":"https:\/\/www.fifv.cl\/2017\/wp-json\/wp\/v2\/posts\/5776\/revisions\/5884"}],"wp:attachment":[{"href":"https:\/\/www.fifv.cl\/2017\/wp-json\/wp\/v2\/media?parent=5776"}],"wp:term":[{"taxonomy":"category","embeddable":true,"href":"https:\/\/www.fifv.cl\/2017\/wp-json\/wp\/v2\/categories?post=5776"},{"taxonomy":"post_tag","embeddable":true,"href":"https:\/\/www.fifv.cl\/2017\/wp-json\/wp\/v2\/tags?post=5776"}],"curies":[{"name":"wp","href":"https:\/\/api.w.org\/{rel}","templated":true}]}}