{"id":5650,"date":"2017-10-17T03:21:12","date_gmt":"2017-10-17T03:21:12","guid":{"rendered":"http:\/\/www.fifv.cl\/2017-new\/?p=5650"},"modified":"2017-10-19T22:13:11","modified_gmt":"2017-10-19T22:13:11","slug":"ediciones-fifv","status":"publish","type":"post","link":"https:\/\/www.fifv.cl\/2017\/sin-categoria\/ediciones-fifv\/","title":{"rendered":"Ediciones FIFV"},"content":{"rendered":"<p>Ediciones FIFV<br \/>\nEditor: Nicol\u00e1s Wormull<\/p>\n<p>FIFV Ediciones es un \u00e1rea del festival que nace en conjunto con este hace 8 a\u00f1os atr\u00e1s. Desde el comienzo, la idea fue poder generar un impreso en el que se plasmara el trabajo realizado en cada edici\u00f3n del evento, concepto que se ha ampliado desde sus inicios.<\/p>\n<p>\u00bfPor qu\u00e9 \u201clibros\u201d?<br \/>\nPara el Festival ha sido un pilar fundamental el tener Ediciones FIFV, debido a que el soporte del libro da oportunidades que otros no tienen, y que se ensambla a la perfecci\u00f3n con el trabajo fotogr\u00e1fico.<\/p>\n<p>Para el FIFV el libro es uno de los lugares donde mejor puede existir la fotograf\u00eda por su poder narrativo &#8211; un libro impone el tener que decir algo con comienzo, desarrollo, y final: eso obliga a utilizar la fotograf\u00eda como escritura.<\/p>\n<p>Este proyecto editorial ha hecho un esfuerzo por poder generar una variedad de publicaciones, adem\u00e1s del material que recoge de los talleres y trabajos realizados por y para el FIFV en sus diferentes ediciones. Por ejemplo, se ha trabajado tanto con realizadores nacionales como internacionales y sus im\u00e1genes, en especial en torno a Valpara\u00edso. La inspiraci\u00f3n principal para ello ha sido la obra de Sergio Larra\u00edn \u201cValpara\u00edso\u201d, rindi\u00e9ndole homenaje.<\/p>\n<p>Otra din\u00e1mica que se han planteado en los libros es la del trabajo colectivo, en la que se hace una escritura con diversos fot\u00f3grafos y fot\u00f3grafas en conjunto, intercalando sus obras y confundiendo sus im\u00e1genes, mezclandolas para difuminar el trabajo individual y generar una lectura colectiva del relato.<\/p>\n<p>La idea es potenciar la fotograf\u00eda a los exponentes nacionales y exponer a los internacionales y adem\u00e1s de quienes han participado en el evento. Durante estos 8 a\u00f1os, se han generado fotolibros y las revistas anuales, ambos proyectos de la editorial. Dentro de ellas se encuentran los t\u00edtulos:<\/p>\n<p>A Valpara\u00edso, de Fran\u00e7oise N\u00fa\u00f1ez<br \/>\nCurauma de Bertrand Meunier<br \/>\nVisviri<br \/>\n\u00c1lbum Familiar<br \/>\nMaspan de Max Pan<br \/>\nV. de Juan Valbuena<br \/>\nValpara\u00edso Fotograf\u00edas Relatadas<br \/>\nValpara\u00edso Fotograf\u00edas de Archivo<br \/>\nValpara\u00edso de Anders Petersen<br \/>\nValpara\u00edso de Antoine d\u00b4 Agata<br \/>\nValpara\u00edso de Juan Manuel Castro Prieto, Claudinne Douri, Giles Favier y Paolo Verzone<br \/>\nValparaiso de Alberto Garc\u00eda Alix<br \/>\nEstada<br \/>\nS\u00e8te de Tom\u00e1s Quiroga, Paula Lopez, Cristobal Olivares y Nicol\u00e1s Wormull.<\/p>\n<p>Todas las publicaciones estar\u00e1n disponibles en la Librer\u00eda FIFV, que se encontrar\u00e1 en El Internado durante los d\u00edas del festival.<\/p>\n","protected":false},"excerpt":{"rendered":"<p>Ediciones FIFV Editor: Nicol\u00e1s Wormull FIFV Ediciones es un \u00e1rea del festival que nace en conjunto con este hace 8 a\u00f1os atr\u00e1s. Desde el comienzo, la idea fue poder generar [&hellip;]<\/p>\n","protected":false},"author":1,"featured_media":5728,"comment_status":"open","ping_status":"open","sticky":false,"template":"","format":"link","meta":{"footnotes":""},"categories":[1],"tags":[],"class_list":["post-5650","post","type-post","status-publish","format-link","has-post-thumbnail","hentry","category-sin-categoria","post_format-post-format-link"],"yoast_head":"<!-- This site is optimized with the Yoast SEO plugin v27.5 - https:\/\/yoast.com\/product\/yoast-seo-wordpress\/ -->\n<title>Ediciones FIFV - Festival Internacional de Fotograf&iacute;a en Valpara&iacute;so | FIFV.cl<\/title>\n<meta name=\"robots\" content=\"index, follow, max-snippet:-1, max-image-preview:large, max-video-preview:-1\" \/>\n<link rel=\"canonical\" href=\"https:\/\/www.fifv.cl\/2017\/sin-categoria\/ediciones-fifv\/\" \/>\n<meta property=\"og:locale\" content=\"es_ES\" \/>\n<meta property=\"og:type\" content=\"article\" \/>\n<meta property=\"og:title\" content=\"Ediciones FIFV - Festival Internacional de Fotograf&iacute;a en Valpara&iacute;so | FIFV.cl\" \/>\n<meta property=\"og:description\" content=\"Ediciones FIFV Editor: Nicol\u00e1s Wormull FIFV Ediciones es un \u00e1rea del festival que nace en conjunto con este hace 8 a\u00f1os atr\u00e1s. Desde el comienzo, la idea fue poder generar [&hellip;]\" \/>\n<meta property=\"og:url\" content=\"https:\/\/www.fifv.cl\/2017\/sin-categoria\/ediciones-fifv\/\" \/>\n<meta property=\"og:site_name\" content=\"Festival Internacional de Fotograf&iacute;a en Valpara&iacute;so | FIFV.cl\" \/>\n<meta property=\"article:published_time\" content=\"2017-10-17T03:21:12+00:00\" \/>\n<meta property=\"article:modified_time\" content=\"2017-10-19T22:13:11+00:00\" \/>\n<meta property=\"og:image\" content=\"https:\/\/www.fifv.cl\/2017\/wp-content\/uploads\/2017\/10\/MG_8013-2-e1508277542300.jpg\" \/>\n\t<meta property=\"og:image:width\" content=\"1500\" \/>\n\t<meta property=\"og:image:height\" content=\"1000\" \/>\n\t<meta property=\"og:image:type\" content=\"image\/jpeg\" \/>\n<meta name=\"author\" content=\"manager\" \/>\n<meta name=\"twitter:card\" content=\"summary_large_image\" \/>\n<meta name=\"twitter:label1\" content=\"Escrito por\" \/>\n\t<meta name=\"twitter:data1\" content=\"manager\" \/>\n\t<meta name=\"twitter:label2\" content=\"Tiempo de lectura\" \/>\n\t<meta name=\"twitter:data2\" content=\"2 minutos\" \/>\n<script type=\"application\/ld+json\" class=\"yoast-schema-graph\">{\"@context\":\"https:\\\/\\\/schema.org\",\"@graph\":[{\"@type\":\"Article\",\"@id\":\"https:\\\/\\\/www.fifv.cl\\\/2017\\\/sin-categoria\\\/ediciones-fifv\\\/#article\",\"isPartOf\":{\"@id\":\"https:\\\/\\\/www.fifv.cl\\\/2017\\\/sin-categoria\\\/ediciones-fifv\\\/\"},\"author\":{\"name\":\"manager\",\"@id\":\"https:\\\/\\\/www.fifv.cl\\\/2017\\\/#\\\/schema\\\/person\\\/16cd8c86753bb157fbbc2ac57875d16b\"},\"headline\":\"Ediciones FIFV\",\"datePublished\":\"2017-10-17T03:21:12+00:00\",\"dateModified\":\"2017-10-19T22:13:11+00:00\",\"mainEntityOfPage\":{\"@id\":\"https:\\\/\\\/www.fifv.cl\\\/2017\\\/sin-categoria\\\/ediciones-fifv\\\/\"},\"wordCount\":425,\"commentCount\":0,\"image\":{\"@id\":\"https:\\\/\\\/www.fifv.cl\\\/2017\\\/sin-categoria\\\/ediciones-fifv\\\/#primaryimage\"},\"thumbnailUrl\":\"https:\\\/\\\/www.fifv.cl\\\/2017\\\/wp-content\\\/uploads\\\/2017\\\/10\\\/MG_8013-2-e1508277542300.jpg\",\"inLanguage\":\"es\",\"potentialAction\":[{\"@type\":\"CommentAction\",\"name\":\"Comment\",\"target\":[\"https:\\\/\\\/www.fifv.cl\\\/2017\\\/sin-categoria\\\/ediciones-fifv\\\/#respond\"]}]},{\"@type\":\"WebPage\",\"@id\":\"https:\\\/\\\/www.fifv.cl\\\/2017\\\/sin-categoria\\\/ediciones-fifv\\\/\",\"url\":\"https:\\\/\\\/www.fifv.cl\\\/2017\\\/sin-categoria\\\/ediciones-fifv\\\/\",\"name\":\"Ediciones FIFV - Festival Internacional de Fotograf&iacute;a en Valpara&iacute;so | FIFV.cl\",\"isPartOf\":{\"@id\":\"https:\\\/\\\/www.fifv.cl\\\/2017\\\/#website\"},\"primaryImageOfPage\":{\"@id\":\"https:\\\/\\\/www.fifv.cl\\\/2017\\\/sin-categoria\\\/ediciones-fifv\\\/#primaryimage\"},\"image\":{\"@id\":\"https:\\\/\\\/www.fifv.cl\\\/2017\\\/sin-categoria\\\/ediciones-fifv\\\/#primaryimage\"},\"thumbnailUrl\":\"https:\\\/\\\/www.fifv.cl\\\/2017\\\/wp-content\\\/uploads\\\/2017\\\/10\\\/MG_8013-2-e1508277542300.jpg\",\"datePublished\":\"2017-10-17T03:21:12+00:00\",\"dateModified\":\"2017-10-19T22:13:11+00:00\",\"author\":{\"@id\":\"https:\\\/\\\/www.fifv.cl\\\/2017\\\/#\\\/schema\\\/person\\\/16cd8c86753bb157fbbc2ac57875d16b\"},\"breadcrumb\":{\"@id\":\"https:\\\/\\\/www.fifv.cl\\\/2017\\\/sin-categoria\\\/ediciones-fifv\\\/#breadcrumb\"},\"inLanguage\":\"es\",\"potentialAction\":[{\"@type\":\"ReadAction\",\"target\":[\"https:\\\/\\\/www.fifv.cl\\\/2017\\\/sin-categoria\\\/ediciones-fifv\\\/\"]}]},{\"@type\":\"ImageObject\",\"inLanguage\":\"es\",\"@id\":\"https:\\\/\\\/www.fifv.cl\\\/2017\\\/sin-categoria\\\/ediciones-fifv\\\/#primaryimage\",\"url\":\"https:\\\/\\\/www.fifv.cl\\\/2017\\\/wp-content\\\/uploads\\\/2017\\\/10\\\/MG_8013-2-e1508277542300.jpg\",\"contentUrl\":\"https:\\\/\\\/www.fifv.cl\\\/2017\\\/wp-content\\\/uploads\\\/2017\\\/10\\\/MG_8013-2-e1508277542300.jpg\",\"width\":1500,\"height\":1000},{\"@type\":\"BreadcrumbList\",\"@id\":\"https:\\\/\\\/www.fifv.cl\\\/2017\\\/sin-categoria\\\/ediciones-fifv\\\/#breadcrumb\",\"itemListElement\":[{\"@type\":\"ListItem\",\"position\":1,\"name\":\"Portada\",\"item\":\"https:\\\/\\\/www.fifv.cl\\\/2017\\\/\"},{\"@type\":\"ListItem\",\"position\":2,\"name\":\"Ediciones FIFV\"}]},{\"@type\":\"WebSite\",\"@id\":\"https:\\\/\\\/www.fifv.cl\\\/2017\\\/#website\",\"url\":\"https:\\\/\\\/www.fifv.cl\\\/2017\\\/\",\"name\":\"Festival Internacional de Fotograf&iacute;a en Valpara&iacute;so | FIFV.cl\",\"description\":\"El FIFV, es un festival de creaci\u00f3n fotogr\u00e1fica que lo hace \u00fanico en su g\u00e9nero. Durante cada edici\u00f3n, las fot\u00f3grafas y los fot\u00f3grafos participan de un proceso de creaci\u00f3n en el cual todas las im\u00e1genes se producen en el marco de las residencias, los talleres y las brigadas fotogr\u00e1ficas, y tienen un hilo conductor: entender el mundo desde Valpara\u00edso.\",\"potentialAction\":[{\"@type\":\"SearchAction\",\"target\":{\"@type\":\"EntryPoint\",\"urlTemplate\":\"https:\\\/\\\/www.fifv.cl\\\/2017\\\/?s={search_term_string}\"},\"query-input\":{\"@type\":\"PropertyValueSpecification\",\"valueRequired\":true,\"valueName\":\"search_term_string\"}}],\"inLanguage\":\"es\"},{\"@type\":\"Person\",\"@id\":\"https:\\\/\\\/www.fifv.cl\\\/2017\\\/#\\\/schema\\\/person\\\/16cd8c86753bb157fbbc2ac57875d16b\",\"name\":\"manager\",\"image\":{\"@type\":\"ImageObject\",\"inLanguage\":\"es\",\"@id\":\"https:\\\/\\\/secure.gravatar.com\\\/avatar\\\/2a512444d554a8ec59ea58700bee3697d78437b682774db32cea6fae09b2c878?s=96&d=mm&r=g\",\"url\":\"https:\\\/\\\/secure.gravatar.com\\\/avatar\\\/2a512444d554a8ec59ea58700bee3697d78437b682774db32cea6fae09b2c878?s=96&d=mm&r=g\",\"contentUrl\":\"https:\\\/\\\/secure.gravatar.com\\\/avatar\\\/2a512444d554a8ec59ea58700bee3697d78437b682774db32cea6fae09b2c878?s=96&d=mm&r=g\",\"caption\":\"manager\"},\"url\":\"https:\\\/\\\/www.fifv.cl\\\/2017\\\/author\\\/manager\\\/\"}]}<\/script>\n<!-- \/ Yoast SEO plugin. -->","yoast_head_json":{"title":"Ediciones FIFV - Festival Internacional de Fotograf&iacute;a en Valpara&iacute;so | FIFV.cl","robots":{"index":"index","follow":"follow","max-snippet":"max-snippet:-1","max-image-preview":"max-image-preview:large","max-video-preview":"max-video-preview:-1"},"canonical":"https:\/\/www.fifv.cl\/2017\/sin-categoria\/ediciones-fifv\/","og_locale":"es_ES","og_type":"article","og_title":"Ediciones FIFV - Festival Internacional de Fotograf&iacute;a en Valpara&iacute;so | FIFV.cl","og_description":"Ediciones FIFV Editor: Nicol\u00e1s Wormull FIFV Ediciones es un \u00e1rea del festival que nace en conjunto con este hace 8 a\u00f1os atr\u00e1s. Desde el comienzo, la idea fue poder generar [&hellip;]","og_url":"https:\/\/www.fifv.cl\/2017\/sin-categoria\/ediciones-fifv\/","og_site_name":"Festival Internacional de Fotograf&iacute;a en Valpara&iacute;so | FIFV.cl","article_published_time":"2017-10-17T03:21:12+00:00","article_modified_time":"2017-10-19T22:13:11+00:00","og_image":[{"width":1500,"height":1000,"url":"https:\/\/www.fifv.cl\/2017\/wp-content\/uploads\/2017\/10\/MG_8013-2-e1508277542300.jpg","type":"image\/jpeg"}],"author":"manager","twitter_card":"summary_large_image","twitter_misc":{"Escrito por":"manager","Tiempo de lectura":"2 minutos"},"schema":{"@context":"https:\/\/schema.org","@graph":[{"@type":"Article","@id":"https:\/\/www.fifv.cl\/2017\/sin-categoria\/ediciones-fifv\/#article","isPartOf":{"@id":"https:\/\/www.fifv.cl\/2017\/sin-categoria\/ediciones-fifv\/"},"author":{"name":"manager","@id":"https:\/\/www.fifv.cl\/2017\/#\/schema\/person\/16cd8c86753bb157fbbc2ac57875d16b"},"headline":"Ediciones FIFV","datePublished":"2017-10-17T03:21:12+00:00","dateModified":"2017-10-19T22:13:11+00:00","mainEntityOfPage":{"@id":"https:\/\/www.fifv.cl\/2017\/sin-categoria\/ediciones-fifv\/"},"wordCount":425,"commentCount":0,"image":{"@id":"https:\/\/www.fifv.cl\/2017\/sin-categoria\/ediciones-fifv\/#primaryimage"},"thumbnailUrl":"https:\/\/www.fifv.cl\/2017\/wp-content\/uploads\/2017\/10\/MG_8013-2-e1508277542300.jpg","inLanguage":"es","potentialAction":[{"@type":"CommentAction","name":"Comment","target":["https:\/\/www.fifv.cl\/2017\/sin-categoria\/ediciones-fifv\/#respond"]}]},{"@type":"WebPage","@id":"https:\/\/www.fifv.cl\/2017\/sin-categoria\/ediciones-fifv\/","url":"https:\/\/www.fifv.cl\/2017\/sin-categoria\/ediciones-fifv\/","name":"Ediciones FIFV - Festival Internacional de Fotograf&iacute;a en Valpara&iacute;so | FIFV.cl","isPartOf":{"@id":"https:\/\/www.fifv.cl\/2017\/#website"},"primaryImageOfPage":{"@id":"https:\/\/www.fifv.cl\/2017\/sin-categoria\/ediciones-fifv\/#primaryimage"},"image":{"@id":"https:\/\/www.fifv.cl\/2017\/sin-categoria\/ediciones-fifv\/#primaryimage"},"thumbnailUrl":"https:\/\/www.fifv.cl\/2017\/wp-content\/uploads\/2017\/10\/MG_8013-2-e1508277542300.jpg","datePublished":"2017-10-17T03:21:12+00:00","dateModified":"2017-10-19T22:13:11+00:00","author":{"@id":"https:\/\/www.fifv.cl\/2017\/#\/schema\/person\/16cd8c86753bb157fbbc2ac57875d16b"},"breadcrumb":{"@id":"https:\/\/www.fifv.cl\/2017\/sin-categoria\/ediciones-fifv\/#breadcrumb"},"inLanguage":"es","potentialAction":[{"@type":"ReadAction","target":["https:\/\/www.fifv.cl\/2017\/sin-categoria\/ediciones-fifv\/"]}]},{"@type":"ImageObject","inLanguage":"es","@id":"https:\/\/www.fifv.cl\/2017\/sin-categoria\/ediciones-fifv\/#primaryimage","url":"https:\/\/www.fifv.cl\/2017\/wp-content\/uploads\/2017\/10\/MG_8013-2-e1508277542300.jpg","contentUrl":"https:\/\/www.fifv.cl\/2017\/wp-content\/uploads\/2017\/10\/MG_8013-2-e1508277542300.jpg","width":1500,"height":1000},{"@type":"BreadcrumbList","@id":"https:\/\/www.fifv.cl\/2017\/sin-categoria\/ediciones-fifv\/#breadcrumb","itemListElement":[{"@type":"ListItem","position":1,"name":"Portada","item":"https:\/\/www.fifv.cl\/2017\/"},{"@type":"ListItem","position":2,"name":"Ediciones FIFV"}]},{"@type":"WebSite","@id":"https:\/\/www.fifv.cl\/2017\/#website","url":"https:\/\/www.fifv.cl\/2017\/","name":"Festival Internacional de Fotograf&iacute;a en Valpara&iacute;so | FIFV.cl","description":"El FIFV, es un festival de creaci\u00f3n fotogr\u00e1fica que lo hace \u00fanico en su g\u00e9nero. Durante cada edici\u00f3n, las fot\u00f3grafas y los fot\u00f3grafos participan de un proceso de creaci\u00f3n en el cual todas las im\u00e1genes se producen en el marco de las residencias, los talleres y las brigadas fotogr\u00e1ficas, y tienen un hilo conductor: entender el mundo desde Valpara\u00edso.","potentialAction":[{"@type":"SearchAction","target":{"@type":"EntryPoint","urlTemplate":"https:\/\/www.fifv.cl\/2017\/?s={search_term_string}"},"query-input":{"@type":"PropertyValueSpecification","valueRequired":true,"valueName":"search_term_string"}}],"inLanguage":"es"},{"@type":"Person","@id":"https:\/\/www.fifv.cl\/2017\/#\/schema\/person\/16cd8c86753bb157fbbc2ac57875d16b","name":"manager","image":{"@type":"ImageObject","inLanguage":"es","@id":"https:\/\/secure.gravatar.com\/avatar\/2a512444d554a8ec59ea58700bee3697d78437b682774db32cea6fae09b2c878?s=96&d=mm&r=g","url":"https:\/\/secure.gravatar.com\/avatar\/2a512444d554a8ec59ea58700bee3697d78437b682774db32cea6fae09b2c878?s=96&d=mm&r=g","contentUrl":"https:\/\/secure.gravatar.com\/avatar\/2a512444d554a8ec59ea58700bee3697d78437b682774db32cea6fae09b2c878?s=96&d=mm&r=g","caption":"manager"},"url":"https:\/\/www.fifv.cl\/2017\/author\/manager\/"}]}},"_links":{"self":[{"href":"https:\/\/www.fifv.cl\/2017\/wp-json\/wp\/v2\/posts\/5650","targetHints":{"allow":["GET"]}}],"collection":[{"href":"https:\/\/www.fifv.cl\/2017\/wp-json\/wp\/v2\/posts"}],"about":[{"href":"https:\/\/www.fifv.cl\/2017\/wp-json\/wp\/v2\/types\/post"}],"author":[{"embeddable":true,"href":"https:\/\/www.fifv.cl\/2017\/wp-json\/wp\/v2\/users\/1"}],"replies":[{"embeddable":true,"href":"https:\/\/www.fifv.cl\/2017\/wp-json\/wp\/v2\/comments?post=5650"}],"version-history":[{"count":2,"href":"https:\/\/www.fifv.cl\/2017\/wp-json\/wp\/v2\/posts\/5650\/revisions"}],"predecessor-version":[{"id":5817,"href":"https:\/\/www.fifv.cl\/2017\/wp-json\/wp\/v2\/posts\/5650\/revisions\/5817"}],"wp:featuredmedia":[{"embeddable":true,"href":"https:\/\/www.fifv.cl\/2017\/wp-json\/wp\/v2\/media\/5728"}],"wp:attachment":[{"href":"https:\/\/www.fifv.cl\/2017\/wp-json\/wp\/v2\/media?parent=5650"}],"wp:term":[{"taxonomy":"category","embeddable":true,"href":"https:\/\/www.fifv.cl\/2017\/wp-json\/wp\/v2\/categories?post=5650"},{"taxonomy":"post_tag","embeddable":true,"href":"https:\/\/www.fifv.cl\/2017\/wp-json\/wp\/v2\/tags?post=5650"}],"curies":[{"name":"wp","href":"https:\/\/api.w.org\/{rel}","templated":true}]}}