{"id":993,"date":"2015-10-22T10:02:16","date_gmt":"2015-10-22T13:02:16","guid":{"rendered":"http:\/\/www.fifv.cl\/2015\/?p=993"},"modified":"2015-10-29T01:10:02","modified_gmt":"2015-10-29T04:10:02","slug":"andrea-aguad","status":"publish","type":"post","link":"https:\/\/www.fifv.cl\/2015\/andrea-aguad\/","title":{"rendered":"Andrea Aguad"},"content":{"rendered":"<p>Subdirectora de Cenfoto-UDP. Investigadora y curadora en diversos proyectos de fotograf\u00eda hist\u00f3rica y contempor\u00e1nea.<\/p>\n<p>Coordinadora de los proyectos \u201cEstudio sobre las posibilidades de internacionalizaci\u00f3n de la fotograf\u00eda chilena\u201d y\u00a0\u201cCatastro de Fot\u00f3grafos Contempor\u00e1neos\u201d, ambos para el CNCA. Directora\u00a0de la Sala de Fotograf\u00eda Contempor\u00e1nea Cenfoto-UDP.<\/p>\n<p>&nbsp;<\/p>\n<p>&nbsp;<\/p>\n<p>&nbsp;<\/p>\n","protected":false},"excerpt":{"rendered":"<p>Subdirectora de Cenfoto-UDP. Investigadora y curadora en diversos proyectos de fotograf\u00eda hist\u00f3rica y contempor\u00e1nea. Coordinadora de los proyectos \u201cEstudio sobre las posibilidades de internacionalizaci\u00f3n de la fotograf\u00eda chilena\u201d y\u00a0\u201cCatastro de [&hellip;]<\/p>\n","protected":false},"author":2,"featured_media":994,"comment_status":"closed","ping_status":"open","sticky":false,"template":"","format":"standard","meta":{"footnotes":""},"categories":[17],"tags":[],"class_list":["post-993","post","type-post","status-publish","format-standard","has-post-thumbnail","hentry","category-invitados-adicionales"],"_links":{"self":[{"href":"https:\/\/www.fifv.cl\/2015\/wp-json\/wp\/v2\/posts\/993","targetHints":{"allow":["GET"]}}],"collection":[{"href":"https:\/\/www.fifv.cl\/2015\/wp-json\/wp\/v2\/posts"}],"about":[{"href":"https:\/\/www.fifv.cl\/2015\/wp-json\/wp\/v2\/types\/post"}],"author":[{"embeddable":true,"href":"https:\/\/www.fifv.cl\/2015\/wp-json\/wp\/v2\/users\/2"}],"replies":[{"embeddable":true,"href":"https:\/\/www.fifv.cl\/2015\/wp-json\/wp\/v2\/comments?post=993"}],"version-history":[{"count":3,"href":"https:\/\/www.fifv.cl\/2015\/wp-json\/wp\/v2\/posts\/993\/revisions"}],"predecessor-version":[{"id":1017,"href":"https:\/\/www.fifv.cl\/2015\/wp-json\/wp\/v2\/posts\/993\/revisions\/1017"}],"wp:featuredmedia":[{"embeddable":true,"href":"https:\/\/www.fifv.cl\/2015\/wp-json\/wp\/v2\/media\/994"}],"wp:attachment":[{"href":"https:\/\/www.fifv.cl\/2015\/wp-json\/wp\/v2\/media?parent=993"}],"wp:term":[{"taxonomy":"category","embeddable":true,"href":"https:\/\/www.fifv.cl\/2015\/wp-json\/wp\/v2\/categories?post=993"},{"taxonomy":"post_tag","embeddable":true,"href":"https:\/\/www.fifv.cl\/2015\/wp-json\/wp\/v2\/tags?post=993"}],"curies":[{"name":"wp","href":"https:\/\/api.w.org\/{rel}","templated":true}]}}