{"id":926,"date":"2015-10-27T19:33:21","date_gmt":"2015-10-27T22:33:21","guid":{"rendered":"http:\/\/www.fifv.cl\/2015\/?p=926"},"modified":"2016-05-17T14:01:47","modified_gmt":"2016-05-17T17:01:47","slug":"exposicion-workshop-de-juan-manuel-castro-prieto","status":"publish","type":"post","link":"https:\/\/www.fifv.cl\/2015\/exposicion-workshop-de-juan-manuel-castro-prieto\/","title":{"rendered":"Exposici\u00f3n  Workshop de Juan Manuel Castro Prieto"},"content":{"rendered":"<p>El reciente ganador del Premio Nacional de Fotograf\u00eda de Espa\u00f1a destac\u00f3 que \u00a0\u201cHa sido una experiencia hermosa, es muy complicado hacer un proyecto fotogr\u00e1fico (aunque sea grupal) en tres d\u00edas.<\/p>\n<p>Pero han puesto todo su empe\u00f1o, trabajado muy duro y el resultado ha salido interesante. Bajo un eje com\u00fan, que es la poes\u00eda, cada uno ha mostrado su visi\u00f3n personal de Valpara\u00edso\u00bb.<\/p>\n<p>Con fotograf\u00edas de Emilio Fuentes,Isabel Fern\u00e1ndez, Claudio Albar\u00e1n,Jethro Mather, Pilar Contreras,Manon Riet, Johnny C\u00e1rdenas y Ra\u00fal Heuty.<\/p>\n<div class=\"clearfix\"><\/div>\n<h2>Galer\u00eda de la Exposici\u00f3n<\/h2>\n<p>&nbsp;<\/p>\n<p><img loading=\"lazy\" decoding=\"async\" class=\"alignnone size-full wp-image-2251\" src=\"http:\/\/www.fifv.cl\/2015\/wp-content\/uploads\/2015\/10\/MG_95451.jpg\" alt=\"_MG_9545\" width=\"5616\" height=\"3744\" srcset=\"https:\/\/www.fifv.cl\/2015\/wp-content\/uploads\/2015\/10\/MG_95451.jpg 5616w, https:\/\/www.fifv.cl\/2015\/wp-content\/uploads\/2015\/10\/MG_95451-300x200.jpg 300w, https:\/\/www.fifv.cl\/2015\/wp-content\/uploads\/2015\/10\/MG_95451-1024x683.jpg 1024w, https:\/\/www.fifv.cl\/2015\/wp-content\/uploads\/2015\/10\/MG_95451-750x500.jpg 750w\" sizes=\"auto, (max-width: 5616px) 100vw, 5616px\" \/><\/p>\n<p><img loading=\"lazy\" decoding=\"async\" class=\"alignnone wp-image-2252\" src=\"http:\/\/www.fifv.cl\/2015\/wp-content\/uploads\/2015\/10\/ManonRietTallerCastroPrieto21.jpg\" alt=\"ManonRietTallerCastroPrieto2\" width=\"1170\" height=\"1753\" srcset=\"https:\/\/www.fifv.cl\/2015\/wp-content\/uploads\/2015\/10\/ManonRietTallerCastroPrieto21.jpg 502w, https:\/\/www.fifv.cl\/2015\/wp-content\/uploads\/2015\/10\/ManonRietTallerCastroPrieto21-200x300.jpg 200w\" sizes=\"auto, (max-width: 1170px) 100vw, 1170px\" \/><\/p>\n<p><img loading=\"lazy\" decoding=\"async\" class=\"alignnone wp-image-2253\" src=\"http:\/\/www.fifv.cl\/2015\/wp-content\/uploads\/2015\/10\/PilarContreras-exposici\u00f3n-workshop-CastroPrieto.jpg\" alt=\"PilarContreras- exposici\u00f3n workshop CastroPrieto\" width=\"1000\" height=\"2223\" srcset=\"https:\/\/www.fifv.cl\/2015\/wp-content\/uploads\/2015\/10\/PilarContreras-exposici\u00f3n-workshop-CastroPrieto.jpg 797w, https:\/\/www.fifv.cl\/2015\/wp-content\/uploads\/2015\/10\/PilarContreras-exposici\u00f3n-workshop-CastroPrieto-135x300.jpg 135w, https:\/\/www.fifv.cl\/2015\/wp-content\/uploads\/2015\/10\/PilarContreras-exposici\u00f3n-workshop-CastroPrieto-461x1024.jpg 461w, https:\/\/www.fifv.cl\/2015\/wp-content\/uploads\/2015\/10\/PilarContreras-exposici\u00f3n-workshop-CastroPrieto-750x1668.jpg 750w\" sizes=\"auto, (max-width: 1000px) 100vw, 1000px\" \/><\/p>\n<p><img loading=\"lazy\" decoding=\"async\" class=\"alignnone size-full wp-image-2388\" src=\"http:\/\/www.fifv.cl\/2015\/wp-content\/uploads\/2015\/10\/CASTRO-PRIETO_ISABEL-FERNANDEZ.jpg\" alt=\"CASTRO PRIETO_ISABEL FERNANDEZ\" width=\"3062\" height=\"2400\" srcset=\"https:\/\/www.fifv.cl\/2015\/wp-content\/uploads\/2015\/10\/CASTRO-PRIETO_ISABEL-FERNANDEZ.jpg 3062w, https:\/\/www.fifv.cl\/2015\/wp-content\/uploads\/2015\/10\/CASTRO-PRIETO_ISABEL-FERNANDEZ-300x235.jpg 300w, https:\/\/www.fifv.cl\/2015\/wp-content\/uploads\/2015\/10\/CASTRO-PRIETO_ISABEL-FERNANDEZ-768x602.jpg 768w, https:\/\/www.fifv.cl\/2015\/wp-content\/uploads\/2015\/10\/CASTRO-PRIETO_ISABEL-FERNANDEZ-1024x803.jpg 1024w, https:\/\/www.fifv.cl\/2015\/wp-content\/uploads\/2015\/10\/CASTRO-PRIETO_ISABEL-FERNANDEZ-750x588.jpg 750w\" sizes=\"auto, (max-width: 3062px) 100vw, 3062px\" \/> <img loading=\"lazy\" decoding=\"async\" class=\"alignnone size-full wp-image-2389\" src=\"http:\/\/www.fifv.cl\/2015\/wp-content\/uploads\/2015\/10\/CASTRO-PRIETO_ISABEL-FERNANDEZ_02.jpg\" alt=\"CASTRO PRIETO_ISABEL FERNANDEZ_02\" width=\"1205\" height=\"945\" srcset=\"https:\/\/www.fifv.cl\/2015\/wp-content\/uploads\/2015\/10\/CASTRO-PRIETO_ISABEL-FERNANDEZ_02.jpg 1205w, https:\/\/www.fifv.cl\/2015\/wp-content\/uploads\/2015\/10\/CASTRO-PRIETO_ISABEL-FERNANDEZ_02-300x235.jpg 300w, https:\/\/www.fifv.cl\/2015\/wp-content\/uploads\/2015\/10\/CASTRO-PRIETO_ISABEL-FERNANDEZ_02-768x602.jpg 768w, https:\/\/www.fifv.cl\/2015\/wp-content\/uploads\/2015\/10\/CASTRO-PRIETO_ISABEL-FERNANDEZ_02-1024x803.jpg 1024w, https:\/\/www.fifv.cl\/2015\/wp-content\/uploads\/2015\/10\/CASTRO-PRIETO_ISABEL-FERNANDEZ_02-750x588.jpg 750w\" sizes=\"auto, (max-width: 1205px) 100vw, 1205px\" \/> <img loading=\"lazy\" decoding=\"async\" class=\"alignnone size-full wp-image-2390\" src=\"http:\/\/www.fifv.cl\/2015\/wp-content\/uploads\/2015\/10\/Claudio-Albarr\u00e1n-Castro-Pietro.jpg\" alt=\"Claudio Albarr\u00e1n - Castro Pietro\" width=\"1667\" height=\"2500\" srcset=\"https:\/\/www.fifv.cl\/2015\/wp-content\/uploads\/2015\/10\/Claudio-Albarr\u00e1n-Castro-Pietro.jpg 1667w, https:\/\/www.fifv.cl\/2015\/wp-content\/uploads\/2015\/10\/Claudio-Albarr\u00e1n-Castro-Pietro-200x300.jpg 200w, https:\/\/www.fifv.cl\/2015\/wp-content\/uploads\/2015\/10\/Claudio-Albarr\u00e1n-Castro-Pietro-768x1152.jpg 768w, https:\/\/www.fifv.cl\/2015\/wp-content\/uploads\/2015\/10\/Claudio-Albarr\u00e1n-Castro-Pietro-683x1024.jpg 683w, https:\/\/www.fifv.cl\/2015\/wp-content\/uploads\/2015\/10\/Claudio-Albarr\u00e1n-Castro-Pietro-750x1125.jpg 750w\" sizes=\"auto, (max-width: 1667px) 100vw, 1667px\" \/> <img loading=\"lazy\" decoding=\"async\" class=\"alignnone size-full wp-image-2391\" src=\"http:\/\/www.fifv.cl\/2015\/wp-content\/uploads\/2015\/10\/Claudio-Albarr\u00e1n-1-Castro-Prieto.jpg\" alt=\"Claudio Albarr\u00e1n (1) - Castro Prieto\" width=\"2500\" height=\"1667\" srcset=\"https:\/\/www.fifv.cl\/2015\/wp-content\/uploads\/2015\/10\/Claudio-Albarr\u00e1n-1-Castro-Prieto.jpg 2500w, https:\/\/www.fifv.cl\/2015\/wp-content\/uploads\/2015\/10\/Claudio-Albarr\u00e1n-1-Castro-Prieto-300x200.jpg 300w, https:\/\/www.fifv.cl\/2015\/wp-content\/uploads\/2015\/10\/Claudio-Albarr\u00e1n-1-Castro-Prieto-768x512.jpg 768w, https:\/\/www.fifv.cl\/2015\/wp-content\/uploads\/2015\/10\/Claudio-Albarr\u00e1n-1-Castro-Prieto-1024x683.jpg 1024w, https:\/\/www.fifv.cl\/2015\/wp-content\/uploads\/2015\/10\/Claudio-Albarr\u00e1n-1-Castro-Prieto-750x500.jpg 750w\" sizes=\"auto, (max-width: 2500px) 100vw, 2500px\" \/> <img loading=\"lazy\" decoding=\"async\" class=\"alignnone size-full wp-image-2392\" src=\"http:\/\/www.fifv.cl\/2015\/wp-content\/uploads\/2015\/10\/Emilio-Fuentes-Traverso-Taller-Castro-Prieto-3.jpg\" alt=\"Emilio Fuentes Traverso - Taller Castro Prieto - 3\" width=\"4724\" height=\"4724\" srcset=\"https:\/\/www.fifv.cl\/2015\/wp-content\/uploads\/2015\/10\/Emilio-Fuentes-Traverso-Taller-Castro-Prieto-3.jpg 4724w, https:\/\/www.fifv.cl\/2015\/wp-content\/uploads\/2015\/10\/Emilio-Fuentes-Traverso-Taller-Castro-Prieto-3-150x150.jpg 150w, https:\/\/www.fifv.cl\/2015\/wp-content\/uploads\/2015\/10\/Emilio-Fuentes-Traverso-Taller-Castro-Prieto-3-300x300.jpg 300w, https:\/\/www.fifv.cl\/2015\/wp-content\/uploads\/2015\/10\/Emilio-Fuentes-Traverso-Taller-Castro-Prieto-3-768x768.jpg 768w, https:\/\/www.fifv.cl\/2015\/wp-content\/uploads\/2015\/10\/Emilio-Fuentes-Traverso-Taller-Castro-Prieto-3-1024x1024.jpg 1024w, https:\/\/www.fifv.cl\/2015\/wp-content\/uploads\/2015\/10\/Emilio-Fuentes-Traverso-Taller-Castro-Prieto-3-750x750.jpg 750w\" sizes=\"auto, (max-width: 4724px) 100vw, 4724px\" \/> <img loading=\"lazy\" decoding=\"async\" class=\"alignnone size-full wp-image-2393\" src=\"http:\/\/www.fifv.cl\/2015\/wp-content\/uploads\/2015\/10\/JethroMather-CastroPrieto1.jpg\" alt=\"JethroMather - CastroPrieto1\" width=\"2965\" height=\"4629\" srcset=\"https:\/\/www.fifv.cl\/2015\/wp-content\/uploads\/2015\/10\/JethroMather-CastroPrieto1.jpg 2965w, https:\/\/www.fifv.cl\/2015\/wp-content\/uploads\/2015\/10\/JethroMather-CastroPrieto1-192x300.jpg 192w, https:\/\/www.fifv.cl\/2015\/wp-content\/uploads\/2015\/10\/JethroMather-CastroPrieto1-768x1199.jpg 768w, https:\/\/www.fifv.cl\/2015\/wp-content\/uploads\/2015\/10\/JethroMather-CastroPrieto1-656x1024.jpg 656w, https:\/\/www.fifv.cl\/2015\/wp-content\/uploads\/2015\/10\/JethroMather-CastroPrieto1-750x1171.jpg 750w\" sizes=\"auto, (max-width: 2965px) 100vw, 2965px\" \/> <img loading=\"lazy\" decoding=\"async\" class=\"alignnone size-full wp-image-2394\" src=\"http:\/\/www.fifv.cl\/2015\/wp-content\/uploads\/2015\/10\/JethroMather-CastroPrieto2.jpg\" alt=\"JethroMather - CastroPrieto2\" width=\"2943\" height=\"4469\" srcset=\"https:\/\/www.fifv.cl\/2015\/wp-content\/uploads\/2015\/10\/JethroMather-CastroPrieto2.jpg 2943w, https:\/\/www.fifv.cl\/2015\/wp-content\/uploads\/2015\/10\/JethroMather-CastroPrieto2-198x300.jpg 198w, https:\/\/www.fifv.cl\/2015\/wp-content\/uploads\/2015\/10\/JethroMather-CastroPrieto2-768x1166.jpg 768w, https:\/\/www.fifv.cl\/2015\/wp-content\/uploads\/2015\/10\/JethroMather-CastroPrieto2-674x1024.jpg 674w, https:\/\/www.fifv.cl\/2015\/wp-content\/uploads\/2015\/10\/JethroMather-CastroPrieto2-750x1139.jpg 750w\" sizes=\"auto, (max-width: 2943px) 100vw, 2943px\" \/> <img loading=\"lazy\" decoding=\"async\" class=\"alignnone size-full wp-image-2395\" src=\"http:\/\/www.fifv.cl\/2015\/wp-content\/uploads\/2015\/10\/jhonnyC-TALLER-CASTRO-PRIETO-.jpg\" alt=\"jhonnyC -TALLER CASTRO PRIETO\" width=\"2432\" height=\"1824\" srcset=\"https:\/\/www.fifv.cl\/2015\/wp-content\/uploads\/2015\/10\/jhonnyC-TALLER-CASTRO-PRIETO-.jpg 2432w, https:\/\/www.fifv.cl\/2015\/wp-content\/uploads\/2015\/10\/jhonnyC-TALLER-CASTRO-PRIETO--300x225.jpg 300w, https:\/\/www.fifv.cl\/2015\/wp-content\/uploads\/2015\/10\/jhonnyC-TALLER-CASTRO-PRIETO--768x576.jpg 768w, https:\/\/www.fifv.cl\/2015\/wp-content\/uploads\/2015\/10\/jhonnyC-TALLER-CASTRO-PRIETO--1024x768.jpg 1024w, https:\/\/www.fifv.cl\/2015\/wp-content\/uploads\/2015\/10\/jhonnyC-TALLER-CASTRO-PRIETO--750x563.jpg 750w\" sizes=\"auto, (max-width: 2432px) 100vw, 2432px\" \/> <img loading=\"lazy\" decoding=\"async\" class=\"alignnone size-full wp-image-2396\" src=\"http:\/\/www.fifv.cl\/2015\/wp-content\/uploads\/2015\/10\/jhonnyC-TALLER-CASTRO-PRIETO.jpg\" alt=\"jhonnyC- TALLER CASTRO PRIETO\" width=\"2432\" height=\"1824\" srcset=\"https:\/\/www.fifv.cl\/2015\/wp-content\/uploads\/2015\/10\/jhonnyC-TALLER-CASTRO-PRIETO.jpg 2432w, https:\/\/www.fifv.cl\/2015\/wp-content\/uploads\/2015\/10\/jhonnyC-TALLER-CASTRO-PRIETO-300x225.jpg 300w, https:\/\/www.fifv.cl\/2015\/wp-content\/uploads\/2015\/10\/jhonnyC-TALLER-CASTRO-PRIETO-768x576.jpg 768w, https:\/\/www.fifv.cl\/2015\/wp-content\/uploads\/2015\/10\/jhonnyC-TALLER-CASTRO-PRIETO-1024x768.jpg 1024w, https:\/\/www.fifv.cl\/2015\/wp-content\/uploads\/2015\/10\/jhonnyC-TALLER-CASTRO-PRIETO-750x563.jpg 750w\" sizes=\"auto, (max-width: 2432px) 100vw, 2432px\" \/> <img loading=\"lazy\" decoding=\"async\" class=\"alignnone size-full wp-image-2397\" src=\"http:\/\/www.fifv.cl\/2015\/wp-content\/uploads\/2015\/10\/ManonRietTallerCastroPrieto.jpg\" alt=\"ManonRietTallerCastroPrieto\" width=\"3456\" height=\"5184\" srcset=\"https:\/\/www.fifv.cl\/2015\/wp-content\/uploads\/2015\/10\/ManonRietTallerCastroPrieto.jpg 3456w, https:\/\/www.fifv.cl\/2015\/wp-content\/uploads\/2015\/10\/ManonRietTallerCastroPrieto-200x300.jpg 200w, https:\/\/www.fifv.cl\/2015\/wp-content\/uploads\/2015\/10\/ManonRietTallerCastroPrieto-768x1152.jpg 768w, https:\/\/www.fifv.cl\/2015\/wp-content\/uploads\/2015\/10\/ManonRietTallerCastroPrieto-683x1024.jpg 683w, https:\/\/www.fifv.cl\/2015\/wp-content\/uploads\/2015\/10\/ManonRietTallerCastroPrieto-750x1125.jpg 750w\" sizes=\"auto, (max-width: 3456px) 100vw, 3456px\" \/> <img loading=\"lazy\" decoding=\"async\" class=\"alignnone size-full wp-image-2398\" src=\"http:\/\/www.fifv.cl\/2015\/wp-content\/uploads\/2015\/10\/Ra\u00fal-Heuty-Castro-Prieto1.jpg\" alt=\"Ra\u00fal Heuty -Castro Prieto1\" width=\"3000\" height=\"2649\" srcset=\"https:\/\/www.fifv.cl\/2015\/wp-content\/uploads\/2015\/10\/Ra\u00fal-Heuty-Castro-Prieto1.jpg 3000w, https:\/\/www.fifv.cl\/2015\/wp-content\/uploads\/2015\/10\/Ra\u00fal-Heuty-Castro-Prieto1-300x265.jpg 300w, https:\/\/www.fifv.cl\/2015\/wp-content\/uploads\/2015\/10\/Ra\u00fal-Heuty-Castro-Prieto1-768x678.jpg 768w, https:\/\/www.fifv.cl\/2015\/wp-content\/uploads\/2015\/10\/Ra\u00fal-Heuty-Castro-Prieto1-1024x904.jpg 1024w, https:\/\/www.fifv.cl\/2015\/wp-content\/uploads\/2015\/10\/Ra\u00fal-Heuty-Castro-Prieto1-750x662.jpg 750w\" sizes=\"auto, (max-width: 3000px) 100vw, 3000px\" \/> <img loading=\"lazy\" decoding=\"async\" class=\"alignnone size-full wp-image-2399\" src=\"http:\/\/www.fifv.cl\/2015\/wp-content\/uploads\/2015\/10\/Raul-Heuty_-Castro-Prieto.jpg\" alt=\"Raul Heuty_ Castro Prieto\" width=\"2242\" height=\"2000\" srcset=\"https:\/\/www.fifv.cl\/2015\/wp-content\/uploads\/2015\/10\/Raul-Heuty_-Castro-Prieto.jpg 2242w, https:\/\/www.fifv.cl\/2015\/wp-content\/uploads\/2015\/10\/Raul-Heuty_-Castro-Prieto-300x268.jpg 300w, https:\/\/www.fifv.cl\/2015\/wp-content\/uploads\/2015\/10\/Raul-Heuty_-Castro-Prieto-768x685.jpg 768w, https:\/\/www.fifv.cl\/2015\/wp-content\/uploads\/2015\/10\/Raul-Heuty_-Castro-Prieto-1024x913.jpg 1024w, https:\/\/www.fifv.cl\/2015\/wp-content\/uploads\/2015\/10\/Raul-Heuty_-Castro-Prieto-750x669.jpg 750w\" sizes=\"auto, (max-width: 2242px) 100vw, 2242px\" \/><\/p>\n","protected":false},"excerpt":{"rendered":"<p>El reciente ganador del Premio Nacional de Fotograf\u00eda de Espa\u00f1a destac\u00f3 que \u00a0\u201cHa sido una experiencia hermosa, es muy complicado hacer un proyecto fotogr\u00e1fico (aunque sea grupal) en tres d\u00edas. [&hellip;]<\/p>\n","protected":false},"author":2,"featured_media":2168,"comment_status":"closed","ping_status":"open","sticky":false,"template":"","format":"standard","meta":{"footnotes":""},"categories":[3],"tags":[],"class_list":["post-926","post","type-post","status-publish","format-standard","has-post-thumbnail","hentry","category-expo-adicionales"],"_links":{"self":[{"href":"https:\/\/www.fifv.cl\/2015\/wp-json\/wp\/v2\/posts\/926","targetHints":{"allow":["GET"]}}],"collection":[{"href":"https:\/\/www.fifv.cl\/2015\/wp-json\/wp\/v2\/posts"}],"about":[{"href":"https:\/\/www.fifv.cl\/2015\/wp-json\/wp\/v2\/types\/post"}],"author":[{"embeddable":true,"href":"https:\/\/www.fifv.cl\/2015\/wp-json\/wp\/v2\/users\/2"}],"replies":[{"embeddable":true,"href":"https:\/\/www.fifv.cl\/2015\/wp-json\/wp\/v2\/comments?post=926"}],"version-history":[{"count":12,"href":"https:\/\/www.fifv.cl\/2015\/wp-json\/wp\/v2\/posts\/926\/revisions"}],"predecessor-version":[{"id":2400,"href":"https:\/\/www.fifv.cl\/2015\/wp-json\/wp\/v2\/posts\/926\/revisions\/2400"}],"wp:featuredmedia":[{"embeddable":true,"href":"https:\/\/www.fifv.cl\/2015\/wp-json\/wp\/v2\/media\/2168"}],"wp:attachment":[{"href":"https:\/\/www.fifv.cl\/2015\/wp-json\/wp\/v2\/media?parent=926"}],"wp:term":[{"taxonomy":"category","embeddable":true,"href":"https:\/\/www.fifv.cl\/2015\/wp-json\/wp\/v2\/categories?post=926"},{"taxonomy":"post_tag","embeddable":true,"href":"https:\/\/www.fifv.cl\/2015\/wp-json\/wp\/v2\/tags?post=926"}],"curies":[{"name":"wp","href":"https:\/\/api.w.org\/{rel}","templated":true}]}}