{"id":923,"date":"2015-10-27T19:31:30","date_gmt":"2015-10-27T22:31:30","guid":{"rendered":"http:\/\/www.fifv.cl\/2015\/?p=923"},"modified":"2015-12-08T17:08:15","modified_gmt":"2015-12-08T20:08:15","slug":"exposicion-workshop-de-paolo-verzone","status":"publish","type":"post","link":"https:\/\/www.fifv.cl\/2015\/exposicion-workshop-de-paolo-verzone\/","title":{"rendered":"Exposici\u00f3n Workshop de Paolo Verzone"},"content":{"rendered":"<p>\u00abFue una experiencia extraordinaria. Empezar este proceso desde cero con los participantes gener\u00f3 un di\u00e1logo no solo de palabras. Me he puesto a su servicio. Tienen mucha energ\u00eda, es un equipo entusiasta y apasionado\u201d Paolo Verzone.<\/p>\n<p>Con fotograf\u00edas de Pablo Izquierdo, Adri\u00e1 Lucas, Diego Figueroa, Francisco Ubilla, Carolina Rodr\u00edguez, Sof\u00eda Suazo, Sebasti\u00e1n S\u00e1nchez y Paloma Sag\u00fcez.<\/p>\n<div class=\"clearfix\"><\/div>\n<h2>Galer\u00eda de la Exposici\u00f3n<\/h2>\n<p><img loading=\"lazy\" decoding=\"async\" class=\"alignnone size-full wp-image-2231\" src=\"http:\/\/www.fifv.cl\/2015\/wp-content\/uploads\/2015\/10\/Pablo-Izquierdo-workshop-Verzone.jpg\" alt=\"Pablo Izquierdo - workshop Verzone\" width=\"993\" height=\"661\" srcset=\"https:\/\/www.fifv.cl\/2015\/wp-content\/uploads\/2015\/10\/Pablo-Izquierdo-workshop-Verzone.jpg 993w, https:\/\/www.fifv.cl\/2015\/wp-content\/uploads\/2015\/10\/Pablo-Izquierdo-workshop-Verzone-300x200.jpg 300w, https:\/\/www.fifv.cl\/2015\/wp-content\/uploads\/2015\/10\/Pablo-Izquierdo-workshop-Verzone-750x499.jpg 750w\" sizes=\"auto, (max-width: 993px) 100vw, 993px\" \/><\/p>\n<p>&nbsp;<\/p>\n<p><img loading=\"lazy\" decoding=\"async\" class=\"alignnone wp-image-2232 size-full\" src=\"http:\/\/www.fifv.cl\/2015\/wp-content\/uploads\/2015\/10\/Verzone-Francisco-Ubilla01.jpg\" alt=\"Verzone - Francisco Ubilla01\" width=\"4980\" height=\"3320\" srcset=\"https:\/\/www.fifv.cl\/2015\/wp-content\/uploads\/2015\/10\/Verzone-Francisco-Ubilla01.jpg 4980w, https:\/\/www.fifv.cl\/2015\/wp-content\/uploads\/2015\/10\/Verzone-Francisco-Ubilla01-300x200.jpg 300w, https:\/\/www.fifv.cl\/2015\/wp-content\/uploads\/2015\/10\/Verzone-Francisco-Ubilla01-1024x683.jpg 1024w, https:\/\/www.fifv.cl\/2015\/wp-content\/uploads\/2015\/10\/Verzone-Francisco-Ubilla01-750x500.jpg 750w\" sizes=\"auto, (max-width: 4980px) 100vw, 4980px\" \/><\/p>\n<p>&nbsp;<\/p>\n<p><img loading=\"lazy\" decoding=\"async\" class=\"alignnone size-full wp-image-2233\" src=\"http:\/\/www.fifv.cl\/2015\/wp-content\/uploads\/2015\/10\/Verzone-Francisco-Ubilla15.jpg\" alt=\"Verzone - Francisco Ubilla15\" width=\"995\" height=\"663\" srcset=\"https:\/\/www.fifv.cl\/2015\/wp-content\/uploads\/2015\/10\/Verzone-Francisco-Ubilla15.jpg 995w, https:\/\/www.fifv.cl\/2015\/wp-content\/uploads\/2015\/10\/Verzone-Francisco-Ubilla15-300x200.jpg 300w, https:\/\/www.fifv.cl\/2015\/wp-content\/uploads\/2015\/10\/Verzone-Francisco-Ubilla15-750x500.jpg 750w\" sizes=\"auto, (max-width: 995px) 100vw, 995px\" \/><\/p>\n","protected":false},"excerpt":{"rendered":"<p>\u00abFue una experiencia extraordinaria. Empezar este proceso desde cero con los participantes gener\u00f3 un di\u00e1logo no solo de palabras. Me he puesto a su servicio. Tienen mucha energ\u00eda, es un [&hellip;]<\/p>\n","protected":false},"author":2,"featured_media":2169,"comment_status":"closed","ping_status":"open","sticky":false,"template":"","format":"standard","meta":{"footnotes":""},"categories":[3],"tags":[],"class_list":["post-923","post","type-post","status-publish","format-standard","has-post-thumbnail","hentry","category-expo-adicionales"],"_links":{"self":[{"href":"https:\/\/www.fifv.cl\/2015\/wp-json\/wp\/v2\/posts\/923","targetHints":{"allow":["GET"]}}],"collection":[{"href":"https:\/\/www.fifv.cl\/2015\/wp-json\/wp\/v2\/posts"}],"about":[{"href":"https:\/\/www.fifv.cl\/2015\/wp-json\/wp\/v2\/types\/post"}],"author":[{"embeddable":true,"href":"https:\/\/www.fifv.cl\/2015\/wp-json\/wp\/v2\/users\/2"}],"replies":[{"embeddable":true,"href":"https:\/\/www.fifv.cl\/2015\/wp-json\/wp\/v2\/comments?post=923"}],"version-history":[{"count":12,"href":"https:\/\/www.fifv.cl\/2015\/wp-json\/wp\/v2\/posts\/923\/revisions"}],"predecessor-version":[{"id":2134,"href":"https:\/\/www.fifv.cl\/2015\/wp-json\/wp\/v2\/posts\/923\/revisions\/2134"}],"wp:featuredmedia":[{"embeddable":true,"href":"https:\/\/www.fifv.cl\/2015\/wp-json\/wp\/v2\/media\/2169"}],"wp:attachment":[{"href":"https:\/\/www.fifv.cl\/2015\/wp-json\/wp\/v2\/media?parent=923"}],"wp:term":[{"taxonomy":"category","embeddable":true,"href":"https:\/\/www.fifv.cl\/2015\/wp-json\/wp\/v2\/categories?post=923"},{"taxonomy":"post_tag","embeddable":true,"href":"https:\/\/www.fifv.cl\/2015\/wp-json\/wp\/v2\/tags?post=923"}],"curies":[{"name":"wp","href":"https:\/\/api.w.org\/{rel}","templated":true}]}}