{"id":921,"date":"2015-10-27T19:30:06","date_gmt":"2015-10-27T22:30:06","guid":{"rendered":"http:\/\/www.fifv.cl\/2015\/?p=921"},"modified":"2016-04-17T20:59:24","modified_gmt":"2016-04-17T23:59:24","slug":"exposicion-workshop-de-claudine-doury","status":"publish","type":"post","link":"https:\/\/www.fifv.cl\/2015\/exposicion-workshop-de-claudine-doury\/","title":{"rendered":"Exposici\u00f3n Workshop de Claudine Doury."},"content":{"rendered":"<p>\u201cDej\u00e9 a los talleristas trabajar de manera independiente, desde la realidad y la ficci\u00f3n. Es por eso que todas las fotos de la muestra son tan distintas y eso me encanta\u201d, expres\u00f3 Doury.<\/p>\n<p>Con fotograf\u00edas de Josefina Gonz\u00e1lez, Claudio Troncoso, Richard Moreno, Andr\u00e9s Tapia, Catalina Juger, Carolina Sandoval Diego Acosta y Manuel Castillo.<\/p>\n<p><img loading=\"lazy\" decoding=\"async\" class=\"alignnone size-full wp-image-2385\" src=\"http:\/\/www.fifv.cl\/2015\/wp-content\/uploads\/2015\/10\/DiegoAcosta4.jpg\" alt=\"DiegoAcosta4\" width=\"2943\" height=\"4465\" srcset=\"https:\/\/www.fifv.cl\/2015\/wp-content\/uploads\/2015\/10\/DiegoAcosta4.jpg 2943w, https:\/\/www.fifv.cl\/2015\/wp-content\/uploads\/2015\/10\/DiegoAcosta4-198x300.jpg 198w, https:\/\/www.fifv.cl\/2015\/wp-content\/uploads\/2015\/10\/DiegoAcosta4-768x1165.jpg 768w, https:\/\/www.fifv.cl\/2015\/wp-content\/uploads\/2015\/10\/DiegoAcosta4-675x1024.jpg 675w, https:\/\/www.fifv.cl\/2015\/wp-content\/uploads\/2015\/10\/DiegoAcosta4-750x1138.jpg 750w\" sizes=\"auto, (max-width: 2943px) 100vw, 2943px\" \/> <img loading=\"lazy\" decoding=\"async\" class=\"alignnone size-full wp-image-2384\" src=\"http:\/\/www.fifv.cl\/2015\/wp-content\/uploads\/2015\/10\/GODE_17.jpg\" alt=\"GODE_17\" width=\"3000\" height=\"2002\" srcset=\"https:\/\/www.fifv.cl\/2015\/wp-content\/uploads\/2015\/10\/GODE_17.jpg 3000w, https:\/\/www.fifv.cl\/2015\/wp-content\/uploads\/2015\/10\/GODE_17-300x200.jpg 300w, https:\/\/www.fifv.cl\/2015\/wp-content\/uploads\/2015\/10\/GODE_17-768x513.jpg 768w, https:\/\/www.fifv.cl\/2015\/wp-content\/uploads\/2015\/10\/GODE_17-1024x683.jpg 1024w, https:\/\/www.fifv.cl\/2015\/wp-content\/uploads\/2015\/10\/GODE_17-750x501.jpg 750w\" sizes=\"auto, (max-width: 3000px) 100vw, 3000px\" \/> <img loading=\"lazy\" decoding=\"async\" class=\"alignnone size-full wp-image-2383\" src=\"http:\/\/www.fifv.cl\/2015\/wp-content\/uploads\/2015\/10\/4-1.jpg\" alt=\"4\" width=\"1041\" height=\"1561\" srcset=\"https:\/\/www.fifv.cl\/2015\/wp-content\/uploads\/2015\/10\/4-1.jpg 1041w, https:\/\/www.fifv.cl\/2015\/wp-content\/uploads\/2015\/10\/4-1-200x300.jpg 200w, https:\/\/www.fifv.cl\/2015\/wp-content\/uploads\/2015\/10\/4-1-768x1152.jpg 768w, https:\/\/www.fifv.cl\/2015\/wp-content\/uploads\/2015\/10\/4-1-683x1024.jpg 683w, https:\/\/www.fifv.cl\/2015\/wp-content\/uploads\/2015\/10\/4-1-750x1125.jpg 750w\" sizes=\"auto, (max-width: 1041px) 100vw, 1041px\" \/> <img loading=\"lazy\" decoding=\"async\" class=\"alignnone size-full wp-image-2382\" src=\"http:\/\/www.fifv.cl\/2015\/wp-content\/uploads\/2015\/10\/ejercicio172za.jpg\" alt=\"ejercicio172za\" width=\"1712\" height=\"1109\" srcset=\"https:\/\/www.fifv.cl\/2015\/wp-content\/uploads\/2015\/10\/ejercicio172za.jpg 1712w, https:\/\/www.fifv.cl\/2015\/wp-content\/uploads\/2015\/10\/ejercicio172za-300x194.jpg 300w, https:\/\/www.fifv.cl\/2015\/wp-content\/uploads\/2015\/10\/ejercicio172za-768x497.jpg 768w, https:\/\/www.fifv.cl\/2015\/wp-content\/uploads\/2015\/10\/ejercicio172za-1024x663.jpg 1024w, https:\/\/www.fifv.cl\/2015\/wp-content\/uploads\/2015\/10\/ejercicio172za-750x486.jpg 750w\" sizes=\"auto, (max-width: 1712px) 100vw, 1712px\" \/> <img loading=\"lazy\" decoding=\"async\" class=\"alignnone size-full wp-image-2381\" src=\"http:\/\/www.fifv.cl\/2015\/wp-content\/uploads\/2015\/10\/ejercicio124za.jpg\" alt=\"ejercicio124za\" width=\"1690\" height=\"1095\" srcset=\"https:\/\/www.fifv.cl\/2015\/wp-content\/uploads\/2015\/10\/ejercicio124za.jpg 1690w, https:\/\/www.fifv.cl\/2015\/wp-content\/uploads\/2015\/10\/ejercicio124za-300x194.jpg 300w, https:\/\/www.fifv.cl\/2015\/wp-content\/uploads\/2015\/10\/ejercicio124za-768x498.jpg 768w, https:\/\/www.fifv.cl\/2015\/wp-content\/uploads\/2015\/10\/ejercicio124za-1024x663.jpg 1024w, https:\/\/www.fifv.cl\/2015\/wp-content\/uploads\/2015\/10\/ejercicio124za-750x486.jpg 750w\" sizes=\"auto, (max-width: 1690px) 100vw, 1690px\" \/> <img loading=\"lazy\" decoding=\"async\" class=\"alignnone size-full wp-image-2380\" src=\"http:\/\/www.fifv.cl\/2015\/wp-content\/uploads\/2015\/10\/DSC_6736.jpg\" alt=\"DSC_6736\" width=\"4928\" height=\"3264\" srcset=\"https:\/\/www.fifv.cl\/2015\/wp-content\/uploads\/2015\/10\/DSC_6736.jpg 4928w, https:\/\/www.fifv.cl\/2015\/wp-content\/uploads\/2015\/10\/DSC_6736-300x199.jpg 300w, https:\/\/www.fifv.cl\/2015\/wp-content\/uploads\/2015\/10\/DSC_6736-768x509.jpg 768w, https:\/\/www.fifv.cl\/2015\/wp-content\/uploads\/2015\/10\/DSC_6736-1024x678.jpg 1024w, https:\/\/www.fifv.cl\/2015\/wp-content\/uploads\/2015\/10\/DSC_6736-750x497.jpg 750w\" sizes=\"auto, (max-width: 4928px) 100vw, 4928px\" \/> <img loading=\"lazy\" decoding=\"async\" class=\"alignnone size-full wp-image-2379\" src=\"http:\/\/www.fifv.cl\/2015\/wp-content\/uploads\/2015\/10\/carolina-aguero.jpg\" alt=\"carolina aguero\" width=\"1200\" height=\"795\" srcset=\"https:\/\/www.fifv.cl\/2015\/wp-content\/uploads\/2015\/10\/carolina-aguero.jpg 1200w, https:\/\/www.fifv.cl\/2015\/wp-content\/uploads\/2015\/10\/carolina-aguero-300x199.jpg 300w, https:\/\/www.fifv.cl\/2015\/wp-content\/uploads\/2015\/10\/carolina-aguero-768x509.jpg 768w, https:\/\/www.fifv.cl\/2015\/wp-content\/uploads\/2015\/10\/carolina-aguero-1024x678.jpg 1024w, https:\/\/www.fifv.cl\/2015\/wp-content\/uploads\/2015\/10\/carolina-aguero-750x497.jpg 750w\" sizes=\"auto, (max-width: 1200px) 100vw, 1200px\" \/>\u201cDej\u00e9 a los talleristas trabajar de manera independiente, desde la realidad y la ficci\u00f3n. Es por eso que todas las fotos de la muestra son tan distintas y eso me encanta\u201d, expres\u00f3 Doury.<\/p>\n<p>Con fotograf\u00edas de Josefina Gonz\u00e1lez, Claudio Troncoso, Richard Moreno, Andr\u00e9s Tapia, Catalina Juger, Carolina Sandoval Diego Acosta y Manuel Castillo.<\/p>\n<p>&nbsp;<\/p>\n","protected":false},"excerpt":{"rendered":"<p>\u201cDej\u00e9 a los talleristas trabajar de manera independiente, desde la realidad y la ficci\u00f3n. Es por eso que todas las fotos de la muestra son tan distintas y eso me [&hellip;]<\/p>\n","protected":false},"author":2,"featured_media":2166,"comment_status":"closed","ping_status":"open","sticky":false,"template":"","format":"standard","meta":{"footnotes":""},"categories":[3],"tags":[],"class_list":["post-921","post","type-post","status-publish","format-standard","has-post-thumbnail","hentry","category-expo-adicionales"],"_links":{"self":[{"href":"https:\/\/www.fifv.cl\/2015\/wp-json\/wp\/v2\/posts\/921","targetHints":{"allow":["GET"]}}],"collection":[{"href":"https:\/\/www.fifv.cl\/2015\/wp-json\/wp\/v2\/posts"}],"about":[{"href":"https:\/\/www.fifv.cl\/2015\/wp-json\/wp\/v2\/types\/post"}],"author":[{"embeddable":true,"href":"https:\/\/www.fifv.cl\/2015\/wp-json\/wp\/v2\/users\/2"}],"replies":[{"embeddable":true,"href":"https:\/\/www.fifv.cl\/2015\/wp-json\/wp\/v2\/comments?post=921"}],"version-history":[{"count":9,"href":"https:\/\/www.fifv.cl\/2015\/wp-json\/wp\/v2\/posts\/921\/revisions"}],"predecessor-version":[{"id":2386,"href":"https:\/\/www.fifv.cl\/2015\/wp-json\/wp\/v2\/posts\/921\/revisions\/2386"}],"wp:featuredmedia":[{"embeddable":true,"href":"https:\/\/www.fifv.cl\/2015\/wp-json\/wp\/v2\/media\/2166"}],"wp:attachment":[{"href":"https:\/\/www.fifv.cl\/2015\/wp-json\/wp\/v2\/media?parent=921"}],"wp:term":[{"taxonomy":"category","embeddable":true,"href":"https:\/\/www.fifv.cl\/2015\/wp-json\/wp\/v2\/categories?post=921"},{"taxonomy":"post_tag","embeddable":true,"href":"https:\/\/www.fifv.cl\/2015\/wp-json\/wp\/v2\/tags?post=921"}],"curies":[{"name":"wp","href":"https:\/\/api.w.org\/{rel}","templated":true}]}}