{"id":918,"date":"2015-10-27T19:29:36","date_gmt":"2015-10-27T22:29:36","guid":{"rendered":"http:\/\/www.fifv.cl\/2015\/?p=918"},"modified":"2016-04-17T14:05:20","modified_gmt":"2016-04-17T17:05:20","slug":"exposicion-reconstruccion-del-album-familiar","status":"publish","type":"post","link":"https:\/\/www.fifv.cl\/2015\/exposicion-reconstruccion-del-album-familiar\/","title":{"rendered":"Exposici\u00f3n \u201cResidencia en los cerros\u201d"},"content":{"rendered":"<p>Muestra de la residencia de las Brigadas fotogr\u00e1ficas FIFV 2015, por autores nacionales e internacionales en\u00a0los cerros Las Ca\u00f1as, La Cruz y El Litre.\u00a0 Los voluntarios convivieron cuatro d\u00edas con familias damnificadas por el incendio del a\u00f1o pasado, retratando su cotidianidad.<\/p>\n<p>P\u00eda Quevedo\u00a0aloj\u00f3 a la Brigada Bal-Art y relat\u00f3 sobre la experiencia\u00a0\u201c Lo pasamos fant\u00e1stico. Las fotos salieron de manera muy instant\u00e1nea y natural. Recomiendo a toda la gente que se entusiasme con este festival de fotograf\u00eda, porque es muy bonito. Conoces otras personas y haces v\u00ednculos\u201d.<\/p>\n<p>\u201cQuisimos desde nuestra perspectiva como fot\u00f3grafos, ayudar a recuperar sus fotos perdidas en el incendio. En esta muestra, la intensi\u00f3n fue conocer sus realidades m\u00e1s a diario y que los fot\u00f3grafos se expresen. Tambi\u00e9n pasaron cosas inesperadas y nos encontramos que en esas familias tambi\u00e9n hab\u00eda fot\u00f3grafos\u201d Miguel \u00c1ngel Larrea, editor de la muestra.<\/p>\n<p>Brigadas Fotogr\u00e1ficas 2015:<br \/>\nBrigada Migrar<br \/>\nBrigada Invisible<br \/>\nBrigada VAF<br \/>\nBrigada Rodolfo y Ana<br \/>\nBrigada Luckypinhole<br \/>\nBrigada Glendora<br \/>\nBrigada Cocuro<br \/>\nBrigada Bal-art<br \/>\nEditor General Miguel \u00c1ngel Larrea<br \/>\nCo- Edici\u00f3n: Romina Resuche<\/p>\n<p><img loading=\"lazy\" decoding=\"async\" class=\"alignnone size-full wp-image-2377\" src=\"http:\/\/www.fifv.cl\/2015\/wp-content\/uploads\/2015\/10\/Losperez45.jpg\" alt=\"Losperez45\" width=\"4800\" height=\"3200\" srcset=\"https:\/\/www.fifv.cl\/2015\/wp-content\/uploads\/2015\/10\/Losperez45.jpg 4800w, https:\/\/www.fifv.cl\/2015\/wp-content\/uploads\/2015\/10\/Losperez45-300x200.jpg 300w, https:\/\/www.fifv.cl\/2015\/wp-content\/uploads\/2015\/10\/Losperez45-768x512.jpg 768w, https:\/\/www.fifv.cl\/2015\/wp-content\/uploads\/2015\/10\/Losperez45-1024x683.jpg 1024w, https:\/\/www.fifv.cl\/2015\/wp-content\/uploads\/2015\/10\/Losperez45-750x500.jpg 750w\" sizes=\"auto, (max-width: 4800px) 100vw, 4800px\" \/> <img loading=\"lazy\" decoding=\"async\" class=\"alignnone size-full wp-image-2376\" src=\"http:\/\/www.fifv.cl\/2015\/wp-content\/uploads\/2015\/10\/Losperez43.jpg\" alt=\"Losperez43\" width=\"4990\" height=\"3327\" srcset=\"https:\/\/www.fifv.cl\/2015\/wp-content\/uploads\/2015\/10\/Losperez43.jpg 4990w, https:\/\/www.fifv.cl\/2015\/wp-content\/uploads\/2015\/10\/Losperez43-300x200.jpg 300w, https:\/\/www.fifv.cl\/2015\/wp-content\/uploads\/2015\/10\/Losperez43-768x512.jpg 768w, https:\/\/www.fifv.cl\/2015\/wp-content\/uploads\/2015\/10\/Losperez43-1024x683.jpg 1024w, https:\/\/www.fifv.cl\/2015\/wp-content\/uploads\/2015\/10\/Losperez43-750x500.jpg 750w\" sizes=\"auto, (max-width: 4990px) 100vw, 4990px\" \/><\/p>\n<figure id=\"attachment_2375\" aria-describedby=\"caption-attachment-2375\" style=\"width: 6000px\" class=\"wp-caption alignnone\"><img loading=\"lazy\" decoding=\"async\" class=\"size-full wp-image-2375\" src=\"http:\/\/www.fifv.cl\/2015\/wp-content\/uploads\/2015\/10\/DSC_0929.jpg\" alt=\"Familia Rey Sepulveda , Cerro El Litre  Colectivo: Migrar Photo\" width=\"6000\" height=\"4000\" srcset=\"https:\/\/www.fifv.cl\/2015\/wp-content\/uploads\/2015\/10\/DSC_0929.jpg 6000w, https:\/\/www.fifv.cl\/2015\/wp-content\/uploads\/2015\/10\/DSC_0929-300x200.jpg 300w, https:\/\/www.fifv.cl\/2015\/wp-content\/uploads\/2015\/10\/DSC_0929-768x512.jpg 768w, https:\/\/www.fifv.cl\/2015\/wp-content\/uploads\/2015\/10\/DSC_0929-1024x683.jpg 1024w, https:\/\/www.fifv.cl\/2015\/wp-content\/uploads\/2015\/10\/DSC_0929-750x500.jpg 750w\" sizes=\"auto, (max-width: 6000px) 100vw, 6000px\" \/><figcaption id=\"caption-attachment-2375\" class=\"wp-caption-text\">Familia Rey Sepulveda , Cerro El Litre<br \/>Colectivo: Migrar Photo<\/figcaption><\/figure>\n<p><img loading=\"lazy\" decoding=\"async\" class=\"alignnone size-full wp-image-2374\" src=\"http:\/\/www.fifv.cl\/2015\/wp-content\/uploads\/2015\/10\/J5A1430.jpg\" alt=\"_J5A1430\" width=\"5760\" height=\"3840\" srcset=\"https:\/\/www.fifv.cl\/2015\/wp-content\/uploads\/2015\/10\/J5A1430.jpg 5760w, https:\/\/www.fifv.cl\/2015\/wp-content\/uploads\/2015\/10\/J5A1430-300x200.jpg 300w, https:\/\/www.fifv.cl\/2015\/wp-content\/uploads\/2015\/10\/J5A1430-768x512.jpg 768w, https:\/\/www.fifv.cl\/2015\/wp-content\/uploads\/2015\/10\/J5A1430-1024x683.jpg 1024w, https:\/\/www.fifv.cl\/2015\/wp-content\/uploads\/2015\/10\/J5A1430-750x500.jpg 750w\" sizes=\"auto, (max-width: 5760px) 100vw, 5760px\" \/> <img loading=\"lazy\" decoding=\"async\" class=\"alignnone size-full wp-image-2371\" src=\"http:\/\/www.fifv.cl\/2015\/wp-content\/uploads\/2015\/10\/Invisible_ZeladaMagda_Ale-9.jpg\" alt=\"Invisible_ZeladaMagda_Ale-9\" width=\"2112\" height=\"3168\" srcset=\"https:\/\/www.fifv.cl\/2015\/wp-content\/uploads\/2015\/10\/Invisible_ZeladaMagda_Ale-9.jpg 2112w, https:\/\/www.fifv.cl\/2015\/wp-content\/uploads\/2015\/10\/Invisible_ZeladaMagda_Ale-9-200x300.jpg 200w, https:\/\/www.fifv.cl\/2015\/wp-content\/uploads\/2015\/10\/Invisible_ZeladaMagda_Ale-9-768x1152.jpg 768w, https:\/\/www.fifv.cl\/2015\/wp-content\/uploads\/2015\/10\/Invisible_ZeladaMagda_Ale-9-683x1024.jpg 683w, https:\/\/www.fifv.cl\/2015\/wp-content\/uploads\/2015\/10\/Invisible_ZeladaMagda_Ale-9-750x1125.jpg 750w\" sizes=\"auto, (max-width: 2112px) 100vw, 2112px\" \/> <img loading=\"lazy\" decoding=\"async\" class=\"alignnone size-full wp-image-2370\" src=\"http:\/\/www.fifv.cl\/2015\/wp-content\/uploads\/2015\/10\/7Invisible_Zelada_Magda_Ale-9.jpg\" alt=\"7Invisible_Zelada_Magda_Ale-9\" width=\"3168\" height=\"2112\" srcset=\"https:\/\/www.fifv.cl\/2015\/wp-content\/uploads\/2015\/10\/7Invisible_Zelada_Magda_Ale-9.jpg 3168w, https:\/\/www.fifv.cl\/2015\/wp-content\/uploads\/2015\/10\/7Invisible_Zelada_Magda_Ale-9-300x200.jpg 300w, https:\/\/www.fifv.cl\/2015\/wp-content\/uploads\/2015\/10\/7Invisible_Zelada_Magda_Ale-9-768x512.jpg 768w, https:\/\/www.fifv.cl\/2015\/wp-content\/uploads\/2015\/10\/7Invisible_Zelada_Magda_Ale-9-1024x683.jpg 1024w, https:\/\/www.fifv.cl\/2015\/wp-content\/uploads\/2015\/10\/7Invisible_Zelada_Magda_Ale-9-750x500.jpg 750w\" sizes=\"auto, (max-width: 3168px) 100vw, 3168px\" \/> <img loading=\"lazy\" decoding=\"async\" class=\"alignnone size-full wp-image-2369\" src=\"http:\/\/www.fifv.cl\/2015\/wp-content\/uploads\/2015\/10\/3Invisible_Zelada_Magda_Ale-9.jpg\" alt=\"3Invisible_Zelada_Magda_Ale-9\" width=\"5616\" height=\"3744\" srcset=\"https:\/\/www.fifv.cl\/2015\/wp-content\/uploads\/2015\/10\/3Invisible_Zelada_Magda_Ale-9.jpg 5616w, https:\/\/www.fifv.cl\/2015\/wp-content\/uploads\/2015\/10\/3Invisible_Zelada_Magda_Ale-9-300x200.jpg 300w, https:\/\/www.fifv.cl\/2015\/wp-content\/uploads\/2015\/10\/3Invisible_Zelada_Magda_Ale-9-768x512.jpg 768w, https:\/\/www.fifv.cl\/2015\/wp-content\/uploads\/2015\/10\/3Invisible_Zelada_Magda_Ale-9-1024x683.jpg 1024w, https:\/\/www.fifv.cl\/2015\/wp-content\/uploads\/2015\/10\/3Invisible_Zelada_Magda_Ale-9-750x500.jpg 750w\" sizes=\"auto, (max-width: 5616px) 100vw, 5616px\" \/> <img loading=\"lazy\" decoding=\"async\" class=\"alignnone size-full wp-image-2368\" src=\"http:\/\/www.fifv.cl\/2015\/wp-content\/uploads\/2015\/10\/IMG_7035.jpg\" alt=\"IMG_7035\" width=\"3456\" height=\"5184\" srcset=\"https:\/\/www.fifv.cl\/2015\/wp-content\/uploads\/2015\/10\/IMG_7035.jpg 3456w, https:\/\/www.fifv.cl\/2015\/wp-content\/uploads\/2015\/10\/IMG_7035-200x300.jpg 200w, https:\/\/www.fifv.cl\/2015\/wp-content\/uploads\/2015\/10\/IMG_7035-768x1152.jpg 768w, https:\/\/www.fifv.cl\/2015\/wp-content\/uploads\/2015\/10\/IMG_7035-683x1024.jpg 683w, https:\/\/www.fifv.cl\/2015\/wp-content\/uploads\/2015\/10\/IMG_7035-750x1125.jpg 750w\" sizes=\"auto, (max-width: 3456px) 100vw, 3456px\" \/><\/p>\n<figure id=\"attachment_2367\" aria-describedby=\"caption-attachment-2367\" style=\"width: 5184px\" class=\"wp-caption alignnone\"><img loading=\"lazy\" decoding=\"async\" class=\"size-full wp-image-2367\" src=\"http:\/\/www.fifv.cl\/2015\/wp-content\/uploads\/2015\/10\/IMG_6925.jpg\" alt=\"Christian Gallardo\" width=\"5184\" height=\"3456\" srcset=\"https:\/\/www.fifv.cl\/2015\/wp-content\/uploads\/2015\/10\/IMG_6925.jpg 5184w, https:\/\/www.fifv.cl\/2015\/wp-content\/uploads\/2015\/10\/IMG_6925-300x200.jpg 300w, https:\/\/www.fifv.cl\/2015\/wp-content\/uploads\/2015\/10\/IMG_6925-768x512.jpg 768w, https:\/\/www.fifv.cl\/2015\/wp-content\/uploads\/2015\/10\/IMG_6925-1024x683.jpg 1024w, https:\/\/www.fifv.cl\/2015\/wp-content\/uploads\/2015\/10\/IMG_6925-750x500.jpg 750w\" sizes=\"auto, (max-width: 5184px) 100vw, 5184px\" \/><figcaption id=\"caption-attachment-2367\" class=\"wp-caption-text\">Christian Gallardo<\/figcaption><\/figure>\n<p><img loading=\"lazy\" decoding=\"async\" class=\"alignnone size-full wp-image-2366\" src=\"http:\/\/www.fifv.cl\/2015\/wp-content\/uploads\/2015\/10\/Cocuro-Fam-Morales-21.jpg\" alt=\"Cocuro - Fam Morales 21\" width=\"3264\" height=\"2448\" srcset=\"https:\/\/www.fifv.cl\/2015\/wp-content\/uploads\/2015\/10\/Cocuro-Fam-Morales-21.jpg 3264w, https:\/\/www.fifv.cl\/2015\/wp-content\/uploads\/2015\/10\/Cocuro-Fam-Morales-21-300x225.jpg 300w, https:\/\/www.fifv.cl\/2015\/wp-content\/uploads\/2015\/10\/Cocuro-Fam-Morales-21-768x576.jpg 768w, https:\/\/www.fifv.cl\/2015\/wp-content\/uploads\/2015\/10\/Cocuro-Fam-Morales-21-1024x768.jpg 1024w, https:\/\/www.fifv.cl\/2015\/wp-content\/uploads\/2015\/10\/Cocuro-Fam-Morales-21-750x563.jpg 750w\" sizes=\"auto, (max-width: 3264px) 100vw, 3264px\" \/> <img loading=\"lazy\" decoding=\"async\" class=\"alignnone size-full wp-image-2365\" src=\"http:\/\/www.fifv.cl\/2015\/wp-content\/uploads\/2015\/10\/Cocuro-Fam-Morales-8.jpg\" alt=\"Cocuro - Fam Morales 8\" width=\"5760\" height=\"3840\" srcset=\"https:\/\/www.fifv.cl\/2015\/wp-content\/uploads\/2015\/10\/Cocuro-Fam-Morales-8.jpg 5760w, https:\/\/www.fifv.cl\/2015\/wp-content\/uploads\/2015\/10\/Cocuro-Fam-Morales-8-300x200.jpg 300w, https:\/\/www.fifv.cl\/2015\/wp-content\/uploads\/2015\/10\/Cocuro-Fam-Morales-8-768x512.jpg 768w, https:\/\/www.fifv.cl\/2015\/wp-content\/uploads\/2015\/10\/Cocuro-Fam-Morales-8-1024x683.jpg 1024w, https:\/\/www.fifv.cl\/2015\/wp-content\/uploads\/2015\/10\/Cocuro-Fam-Morales-8-750x500.jpg 750w\" sizes=\"auto, (max-width: 5760px) 100vw, 5760px\" \/> <img loading=\"lazy\" decoding=\"async\" class=\"alignnone size-full wp-image-2364\" src=\"http:\/\/www.fifv.cl\/2015\/wp-content\/uploads\/2015\/10\/Cocuro-Fam-Morales-5.jpg\" alt=\"Cocuro - Fam Morales 5\" width=\"5760\" height=\"3840\" srcset=\"https:\/\/www.fifv.cl\/2015\/wp-content\/uploads\/2015\/10\/Cocuro-Fam-Morales-5.jpg 5760w, https:\/\/www.fifv.cl\/2015\/wp-content\/uploads\/2015\/10\/Cocuro-Fam-Morales-5-300x200.jpg 300w, https:\/\/www.fifv.cl\/2015\/wp-content\/uploads\/2015\/10\/Cocuro-Fam-Morales-5-768x512.jpg 768w, https:\/\/www.fifv.cl\/2015\/wp-content\/uploads\/2015\/10\/Cocuro-Fam-Morales-5-1024x683.jpg 1024w, https:\/\/www.fifv.cl\/2015\/wp-content\/uploads\/2015\/10\/Cocuro-Fam-Morales-5-750x500.jpg 750w\" sizes=\"auto, (max-width: 5760px) 100vw, 5760px\" \/> <img loading=\"lazy\" decoding=\"async\" class=\"alignnone size-full wp-image-2363\" src=\"http:\/\/www.fifv.cl\/2015\/wp-content\/uploads\/2015\/10\/Cocuro-Fam-Morales-4.jpg\" alt=\"Cocuro - Fam Morales 4\" width=\"6000\" height=\"4000\" srcset=\"https:\/\/www.fifv.cl\/2015\/wp-content\/uploads\/2015\/10\/Cocuro-Fam-Morales-4.jpg 6000w, https:\/\/www.fifv.cl\/2015\/wp-content\/uploads\/2015\/10\/Cocuro-Fam-Morales-4-300x200.jpg 300w, https:\/\/www.fifv.cl\/2015\/wp-content\/uploads\/2015\/10\/Cocuro-Fam-Morales-4-768x512.jpg 768w, https:\/\/www.fifv.cl\/2015\/wp-content\/uploads\/2015\/10\/Cocuro-Fam-Morales-4-1024x683.jpg 1024w, https:\/\/www.fifv.cl\/2015\/wp-content\/uploads\/2015\/10\/Cocuro-Fam-Morales-4-750x500.jpg 750w\" sizes=\"auto, (max-width: 6000px) 100vw, 6000px\" \/> <img loading=\"lazy\" decoding=\"async\" class=\"alignnone size-full wp-image-2362\" src=\"http:\/\/www.fifv.cl\/2015\/wp-content\/uploads\/2015\/10\/Familia-Pia-Quevedo-Colectivo-Bal-Art-12.jpg\" alt=\"Familia Pia Quevedo - Colectivo Bal-Art (12)\" width=\"4730\" height=\"3133\" srcset=\"https:\/\/www.fifv.cl\/2015\/wp-content\/uploads\/2015\/10\/Familia-Pia-Quevedo-Colectivo-Bal-Art-12.jpg 4730w, https:\/\/www.fifv.cl\/2015\/wp-content\/uploads\/2015\/10\/Familia-Pia-Quevedo-Colectivo-Bal-Art-12-300x199.jpg 300w, https:\/\/www.fifv.cl\/2015\/wp-content\/uploads\/2015\/10\/Familia-Pia-Quevedo-Colectivo-Bal-Art-12-768x509.jpg 768w, https:\/\/www.fifv.cl\/2015\/wp-content\/uploads\/2015\/10\/Familia-Pia-Quevedo-Colectivo-Bal-Art-12-1024x678.jpg 1024w, https:\/\/www.fifv.cl\/2015\/wp-content\/uploads\/2015\/10\/Familia-Pia-Quevedo-Colectivo-Bal-Art-12-750x497.jpg 750w\" sizes=\"auto, (max-width: 4730px) 100vw, 4730px\" \/> <img loading=\"lazy\" decoding=\"async\" class=\"alignnone size-full wp-image-2361\" src=\"http:\/\/www.fifv.cl\/2015\/wp-content\/uploads\/2015\/10\/Familia-Pia-Quevedo-Colectivo-Bal-Art-10.jpg\" alt=\"Familia Pia Quevedo - Colectivo Bal-Art (10)\" width=\"4339\" height=\"2874\" srcset=\"https:\/\/www.fifv.cl\/2015\/wp-content\/uploads\/2015\/10\/Familia-Pia-Quevedo-Colectivo-Bal-Art-10.jpg 4339w, https:\/\/www.fifv.cl\/2015\/wp-content\/uploads\/2015\/10\/Familia-Pia-Quevedo-Colectivo-Bal-Art-10-300x199.jpg 300w, https:\/\/www.fifv.cl\/2015\/wp-content\/uploads\/2015\/10\/Familia-Pia-Quevedo-Colectivo-Bal-Art-10-768x509.jpg 768w, https:\/\/www.fifv.cl\/2015\/wp-content\/uploads\/2015\/10\/Familia-Pia-Quevedo-Colectivo-Bal-Art-10-1024x678.jpg 1024w, https:\/\/www.fifv.cl\/2015\/wp-content\/uploads\/2015\/10\/Familia-Pia-Quevedo-Colectivo-Bal-Art-10-750x497.jpg 750w\" sizes=\"auto, (max-width: 4339px) 100vw, 4339px\" \/> <img loading=\"lazy\" decoding=\"async\" class=\"alignnone size-full wp-image-2360\" src=\"http:\/\/www.fifv.cl\/2015\/wp-content\/uploads\/2015\/10\/Familia-Pia-Quevedo-Colectivo-Bal-Art-9.jpg\" alt=\"Familia Pia Quevedo - Colectivo Bal-Art (9)\" width=\"4928\" height=\"3264\" srcset=\"https:\/\/www.fifv.cl\/2015\/wp-content\/uploads\/2015\/10\/Familia-Pia-Quevedo-Colectivo-Bal-Art-9.jpg 4928w, https:\/\/www.fifv.cl\/2015\/wp-content\/uploads\/2015\/10\/Familia-Pia-Quevedo-Colectivo-Bal-Art-9-300x199.jpg 300w, https:\/\/www.fifv.cl\/2015\/wp-content\/uploads\/2015\/10\/Familia-Pia-Quevedo-Colectivo-Bal-Art-9-768x509.jpg 768w, https:\/\/www.fifv.cl\/2015\/wp-content\/uploads\/2015\/10\/Familia-Pia-Quevedo-Colectivo-Bal-Art-9-1024x678.jpg 1024w, https:\/\/www.fifv.cl\/2015\/wp-content\/uploads\/2015\/10\/Familia-Pia-Quevedo-Colectivo-Bal-Art-9-750x497.jpg 750w\" sizes=\"auto, (max-width: 4928px) 100vw, 4928px\" \/> <img loading=\"lazy\" decoding=\"async\" class=\"alignnone size-full wp-image-2359\" src=\"http:\/\/www.fifv.cl\/2015\/wp-content\/uploads\/2015\/10\/Familia-Pia-Quevedo-Colectivo-Bal-Art-8.jpg\" alt=\"Familia Pia Quevedo - Colectivo Bal-Art (8)\" width=\"3264\" height=\"4928\" srcset=\"https:\/\/www.fifv.cl\/2015\/wp-content\/uploads\/2015\/10\/Familia-Pia-Quevedo-Colectivo-Bal-Art-8.jpg 3264w, https:\/\/www.fifv.cl\/2015\/wp-content\/uploads\/2015\/10\/Familia-Pia-Quevedo-Colectivo-Bal-Art-8-199x300.jpg 199w, https:\/\/www.fifv.cl\/2015\/wp-content\/uploads\/2015\/10\/Familia-Pia-Quevedo-Colectivo-Bal-Art-8-768x1160.jpg 768w, https:\/\/www.fifv.cl\/2015\/wp-content\/uploads\/2015\/10\/Familia-Pia-Quevedo-Colectivo-Bal-Art-8-678x1024.jpg 678w, https:\/\/www.fifv.cl\/2015\/wp-content\/uploads\/2015\/10\/Familia-Pia-Quevedo-Colectivo-Bal-Art-8-750x1132.jpg 750w\" sizes=\"auto, (max-width: 3264px) 100vw, 3264px\" \/> <img loading=\"lazy\" decoding=\"async\" class=\"alignnone size-full wp-image-2358\" src=\"http:\/\/www.fifv.cl\/2015\/wp-content\/uploads\/2015\/10\/Familia-Pia-Quevedo-Colectivo-Bal-Art-7.jpg\" alt=\"Familia Pia Quevedo - Colectivo Bal-Art (7)\" width=\"4655\" height=\"3083\" srcset=\"https:\/\/www.fifv.cl\/2015\/wp-content\/uploads\/2015\/10\/Familia-Pia-Quevedo-Colectivo-Bal-Art-7.jpg 4655w, https:\/\/www.fifv.cl\/2015\/wp-content\/uploads\/2015\/10\/Familia-Pia-Quevedo-Colectivo-Bal-Art-7-300x199.jpg 300w, https:\/\/www.fifv.cl\/2015\/wp-content\/uploads\/2015\/10\/Familia-Pia-Quevedo-Colectivo-Bal-Art-7-768x509.jpg 768w, https:\/\/www.fifv.cl\/2015\/wp-content\/uploads\/2015\/10\/Familia-Pia-Quevedo-Colectivo-Bal-Art-7-1024x678.jpg 1024w, https:\/\/www.fifv.cl\/2015\/wp-content\/uploads\/2015\/10\/Familia-Pia-Quevedo-Colectivo-Bal-Art-7-750x497.jpg 750w\" sizes=\"auto, (max-width: 4655px) 100vw, 4655px\" \/> <img loading=\"lazy\" decoding=\"async\" class=\"alignnone size-full wp-image-2357\" src=\"http:\/\/www.fifv.cl\/2015\/wp-content\/uploads\/2015\/10\/Familia-Pia-Quevedo-Colectivo-Bal-Art-3.jpg\" alt=\"Familia Pia Quevedo - Colectivo Bal-Art (3)\" width=\"4928\" height=\"3264\" srcset=\"https:\/\/www.fifv.cl\/2015\/wp-content\/uploads\/2015\/10\/Familia-Pia-Quevedo-Colectivo-Bal-Art-3.jpg 4928w, https:\/\/www.fifv.cl\/2015\/wp-content\/uploads\/2015\/10\/Familia-Pia-Quevedo-Colectivo-Bal-Art-3-300x199.jpg 300w, https:\/\/www.fifv.cl\/2015\/wp-content\/uploads\/2015\/10\/Familia-Pia-Quevedo-Colectivo-Bal-Art-3-768x509.jpg 768w, https:\/\/www.fifv.cl\/2015\/wp-content\/uploads\/2015\/10\/Familia-Pia-Quevedo-Colectivo-Bal-Art-3-1024x678.jpg 1024w, https:\/\/www.fifv.cl\/2015\/wp-content\/uploads\/2015\/10\/Familia-Pia-Quevedo-Colectivo-Bal-Art-3-750x497.jpg 750w\" sizes=\"auto, (max-width: 4928px) 100vw, 4928px\" \/><\/p>\n","protected":false},"excerpt":{"rendered":"<p>Muestra de la residencia de las Brigadas fotogr\u00e1ficas FIFV 2015, con el trabajo realizado por autores nacionales e internacionales en los cerros Las Ca\u00f1as, La Cruz y El Litre.  Los voluntarios convivieron cuatro d\u00edas con familias damnificadas por el incendio del a\u00f1o pasado, retratando su cotidianidad.<\/p>\n","protected":false},"author":2,"featured_media":1892,"comment_status":"closed","ping_status":"open","sticky":false,"template":"","format":"standard","meta":{"footnotes":""},"categories":[3],"tags":[],"class_list":["post-918","post","type-post","status-publish","format-standard","has-post-thumbnail","hentry","category-expo-adicionales"],"_links":{"self":[{"href":"https:\/\/www.fifv.cl\/2015\/wp-json\/wp\/v2\/posts\/918","targetHints":{"allow":["GET"]}}],"collection":[{"href":"https:\/\/www.fifv.cl\/2015\/wp-json\/wp\/v2\/posts"}],"about":[{"href":"https:\/\/www.fifv.cl\/2015\/wp-json\/wp\/v2\/types\/post"}],"author":[{"embeddable":true,"href":"https:\/\/www.fifv.cl\/2015\/wp-json\/wp\/v2\/users\/2"}],"replies":[{"embeddable":true,"href":"https:\/\/www.fifv.cl\/2015\/wp-json\/wp\/v2\/comments?post=918"}],"version-history":[{"count":13,"href":"https:\/\/www.fifv.cl\/2015\/wp-json\/wp\/v2\/posts\/918\/revisions"}],"predecessor-version":[{"id":2378,"href":"https:\/\/www.fifv.cl\/2015\/wp-json\/wp\/v2\/posts\/918\/revisions\/2378"}],"wp:featuredmedia":[{"embeddable":true,"href":"https:\/\/www.fifv.cl\/2015\/wp-json\/wp\/v2\/media\/1892"}],"wp:attachment":[{"href":"https:\/\/www.fifv.cl\/2015\/wp-json\/wp\/v2\/media?parent=918"}],"wp:term":[{"taxonomy":"category","embeddable":true,"href":"https:\/\/www.fifv.cl\/2015\/wp-json\/wp\/v2\/categories?post=918"},{"taxonomy":"post_tag","embeddable":true,"href":"https:\/\/www.fifv.cl\/2015\/wp-json\/wp\/v2\/tags?post=918"}],"curies":[{"name":"wp","href":"https:\/\/api.w.org\/{rel}","templated":true}]}}