{"id":916,"date":"2015-10-27T19:28:46","date_gmt":"2015-10-27T22:28:46","guid":{"rendered":"http:\/\/www.fifv.cl\/2015\/?p=916"},"modified":"2016-02-02T13:15:02","modified_gmt":"2016-02-02T16:15:02","slug":"exposicion-valparaiso-curada-por-alberto-garcia-alix","status":"publish","type":"post","link":"https:\/\/www.fifv.cl\/2015\/exposicion-valparaiso-curada-por-alberto-garcia-alix\/","title":{"rendered":"Exposici\u00f3n \u201cValpara\u00edso\u201d"},"content":{"rendered":"<p>La\u00a0muestra consiste en una colecci\u00f3n de\u00a035 fotograf\u00edas curada por Alberto Garc\u00eda Alix, realizadas por siete de sus pupilos en un intensivo workshop que les permiti\u00f3 descubrir su propio lenguaje fotogr\u00e1fico bajo el alero de la leyenda espa\u00f1ola. Con fotograf\u00edas de Josefina Gonz\u00e1lez, Judith Rodr\u00edguez, Cecilia Saur\u00ed, Isabel Riffo, Vicente Gonz\u00e1lez, Jos\u00e9 Alarc\u00f3n y Hugo \u00c1ngel.<\/p>\n<div class=\"clearfix\"><\/div>\n<h2>Galer\u00eda de la Exposici\u00f3n<\/h2>\n<p><img loading=\"lazy\" decoding=\"async\" class=\"aligncenter wp-image-2120 size-full\" src=\"http:\/\/www.fifv.cl\/2015\/wp-content\/uploads\/2015\/12\/MG_6418-FINAL.jpg\" alt=\"_MG_6418 FINAL\" width=\"2000\" height=\"1333\" srcset=\"https:\/\/www.fifv.cl\/2015\/wp-content\/uploads\/2015\/12\/MG_6418-FINAL.jpg 2000w, https:\/\/www.fifv.cl\/2015\/wp-content\/uploads\/2015\/12\/MG_6418-FINAL-300x200.jpg 300w, https:\/\/www.fifv.cl\/2015\/wp-content\/uploads\/2015\/12\/MG_6418-FINAL-1024x682.jpg 1024w, https:\/\/www.fifv.cl\/2015\/wp-content\/uploads\/2015\/12\/MG_6418-FINAL-750x500.jpg 750w\" sizes=\"auto, (max-width: 2000px) 100vw, 2000px\" \/><\/p>\n<p><img loading=\"lazy\" decoding=\"async\" class=\"aligncenter wp-image-2121\" src=\"http:\/\/www.fifv.cl\/2015\/wp-content\/uploads\/2015\/12\/valparaiso-judith-rodriguez.jpg\" alt=\"-valparaiso judith-rodriguez\" width=\"1170\" height=\"1560\" srcset=\"https:\/\/www.fifv.cl\/2015\/wp-content\/uploads\/2015\/12\/valparaiso-judith-rodriguez.jpg 800w, https:\/\/www.fifv.cl\/2015\/wp-content\/uploads\/2015\/12\/valparaiso-judith-rodriguez-225x300.jpg 225w, https:\/\/www.fifv.cl\/2015\/wp-content\/uploads\/2015\/12\/valparaiso-judith-rodriguez-768x1024.jpg 768w, https:\/\/www.fifv.cl\/2015\/wp-content\/uploads\/2015\/12\/valparaiso-judith-rodriguez-750x1000.jpg 750w\" sizes=\"auto, (max-width: 1170px) 100vw, 1170px\" \/><\/p>\n<p><img loading=\"lazy\" decoding=\"async\" class=\"aligncenter wp-image-2122 size-full\" src=\"http:\/\/www.fifv.cl\/2015\/wp-content\/uploads\/2015\/12\/2015-11-03-19.30.46.jpg\" alt=\"2015-11-03 19.30.46\" width=\"1504\" height=\"1000\" srcset=\"https:\/\/www.fifv.cl\/2015\/wp-content\/uploads\/2015\/12\/2015-11-03-19.30.46.jpg 1504w, https:\/\/www.fifv.cl\/2015\/wp-content\/uploads\/2015\/12\/2015-11-03-19.30.46-300x199.jpg 300w, https:\/\/www.fifv.cl\/2015\/wp-content\/uploads\/2015\/12\/2015-11-03-19.30.46-1024x681.jpg 1024w, https:\/\/www.fifv.cl\/2015\/wp-content\/uploads\/2015\/12\/2015-11-03-19.30.46-750x499.jpg 750w\" sizes=\"auto, (max-width: 1504px) 100vw, 1504px\" \/><\/p>\n<p><img loading=\"lazy\" decoding=\"async\" class=\"aligncenter wp-image-2123\" src=\"http:\/\/www.fifv.cl\/2015\/wp-content\/uploads\/2015\/12\/valparaiso-hugo-angel.jpg\" alt=\"valparaiso- hugo angel\" width=\"1170\" height=\"780\" srcset=\"https:\/\/www.fifv.cl\/2015\/wp-content\/uploads\/2015\/12\/valparaiso-hugo-angel.jpg 800w, https:\/\/www.fifv.cl\/2015\/wp-content\/uploads\/2015\/12\/valparaiso-hugo-angel-300x200.jpg 300w, https:\/\/www.fifv.cl\/2015\/wp-content\/uploads\/2015\/12\/valparaiso-hugo-angel-750x500.jpg 750w\" sizes=\"auto, (max-width: 1170px) 100vw, 1170px\" \/><\/p>\n<p><a href=\"http:\/\/www.fifv.cl\/2015\/wp-content\/uploads\/2015\/10\/cecilia-sauiri-.jpg\"><img loading=\"lazy\" decoding=\"async\" class=\"alignnone size-full wp-image-2298\" src=\"http:\/\/www.fifv.cl\/2015\/wp-content\/uploads\/2015\/10\/cecilia-sauiri-.jpg\" alt=\"cecilia-sauiri-\" width=\"800\" height=\"800\" srcset=\"https:\/\/www.fifv.cl\/2015\/wp-content\/uploads\/2015\/10\/cecilia-sauiri-.jpg 800w, https:\/\/www.fifv.cl\/2015\/wp-content\/uploads\/2015\/10\/cecilia-sauiri--150x150.jpg 150w, https:\/\/www.fifv.cl\/2015\/wp-content\/uploads\/2015\/10\/cecilia-sauiri--300x300.jpg 300w, https:\/\/www.fifv.cl\/2015\/wp-content\/uploads\/2015\/10\/cecilia-sauiri--750x750.jpg 750w\" sizes=\"auto, (max-width: 800px) 100vw, 800px\" \/><\/a> <a href=\"http:\/\/www.fifv.cl\/2015\/wp-content\/uploads\/2015\/10\/h-ange\u00a6\u00fcl.jpg\"><img loading=\"lazy\" decoding=\"async\" class=\"alignnone size-full wp-image-2299\" src=\"http:\/\/www.fifv.cl\/2015\/wp-content\/uploads\/2015\/10\/h-ange\u00a6\u00fcl.jpg\" alt=\"h-ange\u00a6\u00fcl\" width=\"800\" height=\"533\" srcset=\"https:\/\/www.fifv.cl\/2015\/wp-content\/uploads\/2015\/10\/h-ange\u00a6\u00fcl.jpg 800w, https:\/\/www.fifv.cl\/2015\/wp-content\/uploads\/2015\/10\/h-ange\u00a6\u00fcl-300x200.jpg 300w, https:\/\/www.fifv.cl\/2015\/wp-content\/uploads\/2015\/10\/h-ange\u00a6\u00fcl-750x500.jpg 750w\" sizes=\"auto, (max-width: 800px) 100vw, 800px\" \/><\/a> <a href=\"http:\/\/www.fifv.cl\/2015\/wp-content\/uploads\/2015\/10\/jose\u00a6\u00fc-alarco\u00a6\u00fcn-...jpg\"><img loading=\"lazy\" decoding=\"async\" class=\"alignnone size-full wp-image-2300\" src=\"http:\/\/www.fifv.cl\/2015\/wp-content\/uploads\/2015\/10\/jose\u00a6\u00fc-alarco\u00a6\u00fcn-...jpg\" alt=\"jose\u00a6\u00fc-alarco\u00a6\u00fcn-..\" width=\"800\" height=\"1280\" srcset=\"https:\/\/www.fifv.cl\/2015\/wp-content\/uploads\/2015\/10\/jose\u00a6\u00fc-alarco\u00a6\u00fcn-...jpg 800w, https:\/\/www.fifv.cl\/2015\/wp-content\/uploads\/2015\/10\/jose\u00a6\u00fc-alarco\u00a6\u00fcn-..-188x300.jpg 188w, https:\/\/www.fifv.cl\/2015\/wp-content\/uploads\/2015\/10\/jose\u00a6\u00fc-alarco\u00a6\u00fcn-..-640x1024.jpg 640w, https:\/\/www.fifv.cl\/2015\/wp-content\/uploads\/2015\/10\/jose\u00a6\u00fc-alarco\u00a6\u00fcn-..-750x1200.jpg 750w\" sizes=\"auto, (max-width: 800px) 100vw, 800px\" \/><\/a> <a href=\"http:\/\/www.fifv.cl\/2015\/wp-content\/uploads\/2015\/10\/Jose\u00a6\u00fc-Alarco\u00a6\u00fcn.jpg\"><img loading=\"lazy\" decoding=\"async\" class=\"alignnone size-full wp-image-2301\" src=\"http:\/\/www.fifv.cl\/2015\/wp-content\/uploads\/2015\/10\/Jose\u00a6\u00fc-Alarco\u00a6\u00fcn.jpg\" alt=\"Jose\u00a6\u00fc-Alarco\u00a6\u00fcn\" width=\"800\" height=\"1309\" srcset=\"https:\/\/www.fifv.cl\/2015\/wp-content\/uploads\/2015\/10\/Jose\u00a6\u00fc-Alarco\u00a6\u00fcn.jpg 800w, https:\/\/www.fifv.cl\/2015\/wp-content\/uploads\/2015\/10\/Jose\u00a6\u00fc-Alarco\u00a6\u00fcn-183x300.jpg 183w, https:\/\/www.fifv.cl\/2015\/wp-content\/uploads\/2015\/10\/Jose\u00a6\u00fc-Alarco\u00a6\u00fcn-626x1024.jpg 626w, https:\/\/www.fifv.cl\/2015\/wp-content\/uploads\/2015\/10\/Jose\u00a6\u00fc-Alarco\u00a6\u00fcn-750x1227.jpg 750w\" sizes=\"auto, (max-width: 800px) 100vw, 800px\" \/><\/a> <a href=\"http:\/\/www.fifv.cl\/2015\/wp-content\/uploads\/2015\/10\/josefina-gonzalez.jpg\"><img loading=\"lazy\" decoding=\"async\" class=\"alignnone size-full wp-image-2302\" src=\"http:\/\/www.fifv.cl\/2015\/wp-content\/uploads\/2015\/10\/josefina-gonzalez.jpg\" alt=\"josefina-gonzalez\" width=\"800\" height=\"600\" srcset=\"https:\/\/www.fifv.cl\/2015\/wp-content\/uploads\/2015\/10\/josefina-gonzalez.jpg 800w, https:\/\/www.fifv.cl\/2015\/wp-content\/uploads\/2015\/10\/josefina-gonzalez-300x225.jpg 300w, https:\/\/www.fifv.cl\/2015\/wp-content\/uploads\/2015\/10\/josefina-gonzalez-750x563.jpg 750w\" sizes=\"auto, (max-width: 800px) 100vw, 800px\" \/><\/a> <a href=\"http:\/\/www.fifv.cl\/2015\/wp-content\/uploads\/2015\/10\/j-rodriguez-..jpg\"><img loading=\"lazy\" decoding=\"async\" class=\"alignnone size-full wp-image-2303\" src=\"http:\/\/www.fifv.cl\/2015\/wp-content\/uploads\/2015\/10\/j-rodriguez-..jpg\" alt=\"j-rodriguez-.\" width=\"800\" height=\"1067\" srcset=\"https:\/\/www.fifv.cl\/2015\/wp-content\/uploads\/2015\/10\/j-rodriguez-..jpg 800w, https:\/\/www.fifv.cl\/2015\/wp-content\/uploads\/2015\/10\/j-rodriguez-.-225x300.jpg 225w, https:\/\/www.fifv.cl\/2015\/wp-content\/uploads\/2015\/10\/j-rodriguez-.-768x1024.jpg 768w, https:\/\/www.fifv.cl\/2015\/wp-content\/uploads\/2015\/10\/j-rodriguez-.-750x1000.jpg 750w\" sizes=\"auto, (max-width: 800px) 100vw, 800px\" \/><\/a> <a href=\"http:\/\/www.fifv.cl\/2015\/wp-content\/uploads\/2015\/10\/Judith-Rodri\u00a6\u00fcguez.jpg\"><img loading=\"lazy\" decoding=\"async\" class=\"alignnone size-full wp-image-2304\" src=\"http:\/\/www.fifv.cl\/2015\/wp-content\/uploads\/2015\/10\/Judith-Rodri\u00a6\u00fcguez.jpg\" alt=\"Judith-Rodri\u00a6\u00fcguez\" width=\"800\" height=\"600\" srcset=\"https:\/\/www.fifv.cl\/2015\/wp-content\/uploads\/2015\/10\/Judith-Rodri\u00a6\u00fcguez.jpg 800w, https:\/\/www.fifv.cl\/2015\/wp-content\/uploads\/2015\/10\/Judith-Rodri\u00a6\u00fcguez-300x225.jpg 300w, https:\/\/www.fifv.cl\/2015\/wp-content\/uploads\/2015\/10\/Judith-Rodri\u00a6\u00fcguez-750x563.jpg 750w\" sizes=\"auto, (max-width: 800px) 100vw, 800px\" \/><\/a> <a href=\"http:\/\/www.fifv.cl\/2015\/wp-content\/uploads\/2015\/10\/Vicente-Gonza\u00a6\u00fclez.jpg\"><img loading=\"lazy\" decoding=\"async\" class=\"alignnone size-full wp-image-2305\" src=\"http:\/\/www.fifv.cl\/2015\/wp-content\/uploads\/2015\/10\/Vicente-Gonza\u00a6\u00fclez.jpg\" alt=\"Vicente-Gonza\u00a6\u00fclez\" width=\"800\" height=\"533\" srcset=\"https:\/\/www.fifv.cl\/2015\/wp-content\/uploads\/2015\/10\/Vicente-Gonza\u00a6\u00fclez.jpg 800w, https:\/\/www.fifv.cl\/2015\/wp-content\/uploads\/2015\/10\/Vicente-Gonza\u00a6\u00fclez-300x200.jpg 300w, https:\/\/www.fifv.cl\/2015\/wp-content\/uploads\/2015\/10\/Vicente-Gonza\u00a6\u00fclez-750x500.jpg 750w\" sizes=\"auto, (max-width: 800px) 100vw, 800px\" \/><\/a><\/p>\n","protected":false},"excerpt":{"rendered":"<p>La\u00a0muestra consiste en una colecci\u00f3n de\u00a035 fotograf\u00edas curada por Alberto Garc\u00eda Alix, realizadas por siete de sus pupilos en un intensivo workshop que les permiti\u00f3 descubrir su propio lenguaje fotogr\u00e1fico [&hellip;]<\/p>\n","protected":false},"author":2,"featured_media":2120,"comment_status":"closed","ping_status":"open","sticky":false,"template":"","format":"standard","meta":{"footnotes":""},"categories":[3],"tags":[],"class_list":["post-916","post","type-post","status-publish","format-standard","has-post-thumbnail","hentry","category-expo-adicionales"],"_links":{"self":[{"href":"https:\/\/www.fifv.cl\/2015\/wp-json\/wp\/v2\/posts\/916","targetHints":{"allow":["GET"]}}],"collection":[{"href":"https:\/\/www.fifv.cl\/2015\/wp-json\/wp\/v2\/posts"}],"about":[{"href":"https:\/\/www.fifv.cl\/2015\/wp-json\/wp\/v2\/types\/post"}],"author":[{"embeddable":true,"href":"https:\/\/www.fifv.cl\/2015\/wp-json\/wp\/v2\/users\/2"}],"replies":[{"embeddable":true,"href":"https:\/\/www.fifv.cl\/2015\/wp-json\/wp\/v2\/comments?post=916"}],"version-history":[{"count":15,"href":"https:\/\/www.fifv.cl\/2015\/wp-json\/wp\/v2\/posts\/916\/revisions"}],"predecessor-version":[{"id":2306,"href":"https:\/\/www.fifv.cl\/2015\/wp-json\/wp\/v2\/posts\/916\/revisions\/2306"}],"wp:featuredmedia":[{"embeddable":true,"href":"https:\/\/www.fifv.cl\/2015\/wp-json\/wp\/v2\/media\/2120"}],"wp:attachment":[{"href":"https:\/\/www.fifv.cl\/2015\/wp-json\/wp\/v2\/media?parent=916"}],"wp:term":[{"taxonomy":"category","embeddable":true,"href":"https:\/\/www.fifv.cl\/2015\/wp-json\/wp\/v2\/categories?post=916"},{"taxonomy":"post_tag","embeddable":true,"href":"https:\/\/www.fifv.cl\/2015\/wp-json\/wp\/v2\/tags?post=916"}],"curies":[{"name":"wp","href":"https:\/\/api.w.org\/{rel}","templated":true}]}}