{"id":912,"date":"2015-10-27T19:27:33","date_gmt":"2015-10-27T22:27:33","guid":{"rendered":"http:\/\/www.fifv.cl\/2015\/?p=912"},"modified":"2015-12-08T16:59:21","modified_gmt":"2015-12-08T19:59:21","slug":"exposicion-fotografica-colectiva-y-lanzamiento-domestica-2-realizada-por-ced-circuito-de-espacios-domesticos","status":"publish","type":"post","link":"https:\/\/www.fifv.cl\/2015\/exposicion-fotografica-colectiva-y-lanzamiento-domestica-2-realizada-por-ced-circuito-de-espacios-domesticos\/","title":{"rendered":"Exposici\u00f3n CED"},"content":{"rendered":"<p>(Circuito de Espacios Dom\u00e9sticos).<\/p>\n<p>Muestra colectiva de 11 fotograf\u00edas bajo el concepto de Umbral. \u00a0Espacios participantes: Ancora, La Pan, G\u00e1lvez, Worm y Nekoe.<\/p>\n<p>Artistas:\u00a0Cristian Munilla, Francisco Gabler, Renato Ordenes, Jos\u00e9 Pemjean, Nancy Mansilla, Sebasti\u00e1n Gil, Gina Ferrada, Juvenal Barr\u00eda, Martina Knittel, Alejandro da Silva, Carlos Silva.<\/p>\n<p>&nbsp;<\/p>\n","protected":false},"excerpt":{"rendered":"<p>(Circuito de Espacios Dom\u00e9sticos). Muestra colectiva de 11 fotograf\u00edas bajo el concepto de Umbral. \u00a0Espacios participantes: Ancora, La Pan, G\u00e1lvez, Worm y Nekoe. Artistas:\u00a0Cristian Munilla, Francisco Gabler, Renato Ordenes, Jos\u00e9 [&hellip;]<\/p>\n","protected":false},"author":2,"featured_media":2223,"comment_status":"closed","ping_status":"open","sticky":false,"template":"","format":"standard","meta":{"footnotes":""},"categories":[3],"tags":[],"class_list":["post-912","post","type-post","status-publish","format-standard","has-post-thumbnail","hentry","category-expo-adicionales"],"_links":{"self":[{"href":"https:\/\/www.fifv.cl\/2015\/wp-json\/wp\/v2\/posts\/912","targetHints":{"allow":["GET"]}}],"collection":[{"href":"https:\/\/www.fifv.cl\/2015\/wp-json\/wp\/v2\/posts"}],"about":[{"href":"https:\/\/www.fifv.cl\/2015\/wp-json\/wp\/v2\/types\/post"}],"author":[{"embeddable":true,"href":"https:\/\/www.fifv.cl\/2015\/wp-json\/wp\/v2\/users\/2"}],"replies":[{"embeddable":true,"href":"https:\/\/www.fifv.cl\/2015\/wp-json\/wp\/v2\/comments?post=912"}],"version-history":[{"count":16,"href":"https:\/\/www.fifv.cl\/2015\/wp-json\/wp\/v2\/posts\/912\/revisions"}],"predecessor-version":[{"id":2225,"href":"https:\/\/www.fifv.cl\/2015\/wp-json\/wp\/v2\/posts\/912\/revisions\/2225"}],"wp:featuredmedia":[{"embeddable":true,"href":"https:\/\/www.fifv.cl\/2015\/wp-json\/wp\/v2\/media\/2223"}],"wp:attachment":[{"href":"https:\/\/www.fifv.cl\/2015\/wp-json\/wp\/v2\/media?parent=912"}],"wp:term":[{"taxonomy":"category","embeddable":true,"href":"https:\/\/www.fifv.cl\/2015\/wp-json\/wp\/v2\/categories?post=912"},{"taxonomy":"post_tag","embeddable":true,"href":"https:\/\/www.fifv.cl\/2015\/wp-json\/wp\/v2\/tags?post=912"}],"curies":[{"name":"wp","href":"https:\/\/api.w.org\/{rel}","templated":true}]}}