{"id":724,"date":"2015-10-23T04:22:49","date_gmt":"2015-10-23T07:22:49","guid":{"rendered":"http:\/\/www.fifv.cl\/2015-final\/?p=724"},"modified":"2015-11-12T00:55:27","modified_gmt":"2015-11-12T03:55:27","slug":"nicolas-saez","status":"publish","type":"post","link":"https:\/\/www.fifv.cl\/2015\/nicolas-saez\/","title":{"rendered":"Nicola\u0301s Sa\u0301ez"},"content":{"rendered":"<p>R\u00e9plica original es un proyecto de arte fotogr\u00e1fico que reflexiona sobre la relaci\u00f3n virtual que tenemos entre nosotros y con el mundo. La instaurada predilecci\u00f3n de la imagen, de la r\u00e9plica, por sobre la experiencia directa con el original. Tal fen\u00f3meno social es simbolizado por la presencia parasitaria de antenas-torres de telefon\u00eda e internet m\u00f3viles que pueblan crecientemente nuestra ciudad.<br \/>\nEl proyecto retrata tales torres en su relaci\u00f3n con el espacio dom\u00e9stico y con el p\u00fablico, a partir de la visi\u00f3n binocular estereosc\u00f3pica, primeros mecanismos que dan paso a las primeras \u201cm\u00e1quinas para ver\u201d y que a su vez dieron origen a dicha relaci\u00f3n virtual con el mundo. La imagen como r\u00e9plica (copia) y su mecanismo original (del origen) dan nombre y cuerpo conceptual al proyecto. Hoy no solo buscamos la r\u00e9plica, sino que la consumimos, la producimos, la coleccionamos, la a\u00f1oramos\u2026 la preferimos. Hoy la r\u00e9plica ha reemplazado al original y pareciera que solo a trav\u00e9s de ella podremos devolvernos otra vez al mundo. Por otro lado la actual tecnolog\u00eda 3D dota de tridimensionalidad a la imagen plana basados en la visi\u00f3n binocular estereosc\u00f3pica ya descrita por Euclides (300 a.c.) y desarrolladas como instrumento de visualizaci\u00f3n en 1840. A trav\u00e9s de estos mecanismos o \u201cm\u00e1quinas de ver\u201d hemos establecido nuestra relaci\u00f3n virtual con el otro y el mundo sembrando el \u201corigen de la r\u00e9plica\u201d para dar paso a una cosecha abundante y abrumadora. Lo original ya no es atractivo, la experiencia directa ya es completamente prescindible y lo fotogr\u00e1fico o lo \u201cdescrito por la luz\u201d es parte \u201cnatural\u201d de nuestras necesidades cotidianas.<\/p>\n","protected":false},"excerpt":{"rendered":"<p>R\u00e9plica original es un proyecto de arte fotogr\u00e1fico que reflexiona sobre la relaci\u00f3n virtual que tenemos entre nosotros y con el mundo. La instaurada predilecci\u00f3n de la imagen, de la [&hellip;]<\/p>\n","protected":false},"author":2,"featured_media":668,"comment_status":"closed","ping_status":"open","sticky":false,"template":"","format":"standard","meta":{"footnotes":""},"categories":[19],"tags":[],"class_list":["post-724","post","type-post","status-publish","format-standard","has-post-thumbnail","hentry","category-portafolios-gallery"],"_links":{"self":[{"href":"https:\/\/www.fifv.cl\/2015\/wp-json\/wp\/v2\/posts\/724","targetHints":{"allow":["GET"]}}],"collection":[{"href":"https:\/\/www.fifv.cl\/2015\/wp-json\/wp\/v2\/posts"}],"about":[{"href":"https:\/\/www.fifv.cl\/2015\/wp-json\/wp\/v2\/types\/post"}],"author":[{"embeddable":true,"href":"https:\/\/www.fifv.cl\/2015\/wp-json\/wp\/v2\/users\/2"}],"replies":[{"embeddable":true,"href":"https:\/\/www.fifv.cl\/2015\/wp-json\/wp\/v2\/comments?post=724"}],"version-history":[{"count":5,"href":"https:\/\/www.fifv.cl\/2015\/wp-json\/wp\/v2\/posts\/724\/revisions"}],"predecessor-version":[{"id":2049,"href":"https:\/\/www.fifv.cl\/2015\/wp-json\/wp\/v2\/posts\/724\/revisions\/2049"}],"wp:featuredmedia":[{"embeddable":true,"href":"https:\/\/www.fifv.cl\/2015\/wp-json\/wp\/v2\/media\/668"}],"wp:attachment":[{"href":"https:\/\/www.fifv.cl\/2015\/wp-json\/wp\/v2\/media?parent=724"}],"wp:term":[{"taxonomy":"category","embeddable":true,"href":"https:\/\/www.fifv.cl\/2015\/wp-json\/wp\/v2\/categories?post=724"},{"taxonomy":"post_tag","embeddable":true,"href":"https:\/\/www.fifv.cl\/2015\/wp-json\/wp\/v2\/tags?post=724"}],"curies":[{"name":"wp","href":"https:\/\/api.w.org\/{rel}","templated":true}]}}