{"id":708,"date":"2015-10-23T04:15:28","date_gmt":"2015-10-23T07:15:28","guid":{"rendered":"http:\/\/www.fifv.cl\/2015-final\/?p=708"},"modified":"2015-11-12T00:54:35","modified_gmt":"2015-11-12T03:54:35","slug":"felipe-olavarria","status":"publish","type":"post","link":"https:\/\/www.fifv.cl\/2015\/felipe-olavarria\/","title":{"rendered":"Felipe Olavarri\u0301a"},"content":{"rendered":"<p><u><\/u>La siguiente serie trata sobre un amigo que cometi\u00f3 suicidio hace ya 8 a\u00f1os; me encontr\u00e9 con unos negativos los cuales dispar\u00f3 con mi c\u00e1mara, a la cual le entr\u00f3 agua, intente rescatar el negativo que luego reutilic\u00e9, despu\u00e9s de a\u00f1os de su muerte, al revelar estos negativos (casi por casualidad) me encontr\u00e9 con im\u00e1genes que nunca lleg\u00f3 a ver; lo cual me generaba una sensaci\u00f3n incomoda y una extra\u00f1eza de culpa al hacer doble exposici\u00f3n en dichas im\u00e1genes.<br \/>\nDecid\u00ed iniciar un dialogo visual tratando de generar una especie de respuesta al hacer fotograf\u00edas hoy como una especie de comunicaci\u00f3n post muerte, me dedique a recorrer las mismas calles que transit\u00e1bamos, a pasar por las mismas casas de los amigos que visit\u00e1bamos, transitando lentamente por donde la p\u00e9rdida de pertenencia en aquellos lugares que sol\u00edan ser confortables ya no me conten\u00edan.<\/p>\n<p>Me encontr\u00e9 con una inmensa ausencia, un vac\u00edo t\u00e1cito la cual trat\u00e9 de contener con el color, pero en el fondo creo se potenci\u00f3 la universalizaci\u00f3n del territorio bajo el sentido de la no pertenencia y as\u00ed fue como me di cuenta que el lugar, la comodidad, el espacio lo hacen las personas que te rodean; Al igual que la visi\u00f3n interna se expone como una necesidad.<\/p>\n","protected":false},"excerpt":{"rendered":"<p>La siguiente serie trata sobre un amigo que cometi\u00f3 suicidio hace ya 8 a\u00f1os; me encontr\u00e9 con unos negativos los cuales dispar\u00f3 con mi c\u00e1mara, a la cual le entr\u00f3 [&hellip;]<\/p>\n","protected":false},"author":2,"featured_media":661,"comment_status":"closed","ping_status":"open","sticky":false,"template":"","format":"standard","meta":{"footnotes":""},"categories":[19],"tags":[],"class_list":["post-708","post","type-post","status-publish","format-standard","has-post-thumbnail","hentry","category-portafolios-gallery"],"_links":{"self":[{"href":"https:\/\/www.fifv.cl\/2015\/wp-json\/wp\/v2\/posts\/708","targetHints":{"allow":["GET"]}}],"collection":[{"href":"https:\/\/www.fifv.cl\/2015\/wp-json\/wp\/v2\/posts"}],"about":[{"href":"https:\/\/www.fifv.cl\/2015\/wp-json\/wp\/v2\/types\/post"}],"author":[{"embeddable":true,"href":"https:\/\/www.fifv.cl\/2015\/wp-json\/wp\/v2\/users\/2"}],"replies":[{"embeddable":true,"href":"https:\/\/www.fifv.cl\/2015\/wp-json\/wp\/v2\/comments?post=708"}],"version-history":[{"count":2,"href":"https:\/\/www.fifv.cl\/2015\/wp-json\/wp\/v2\/posts\/708\/revisions"}],"predecessor-version":[{"id":2042,"href":"https:\/\/www.fifv.cl\/2015\/wp-json\/wp\/v2\/posts\/708\/revisions\/2042"}],"wp:featuredmedia":[{"embeddable":true,"href":"https:\/\/www.fifv.cl\/2015\/wp-json\/wp\/v2\/media\/661"}],"wp:attachment":[{"href":"https:\/\/www.fifv.cl\/2015\/wp-json\/wp\/v2\/media?parent=708"}],"wp:term":[{"taxonomy":"category","embeddable":true,"href":"https:\/\/www.fifv.cl\/2015\/wp-json\/wp\/v2\/categories?post=708"},{"taxonomy":"post_tag","embeddable":true,"href":"https:\/\/www.fifv.cl\/2015\/wp-json\/wp\/v2\/tags?post=708"}],"curies":[{"name":"wp","href":"https:\/\/api.w.org\/{rel}","templated":true}]}}