{"id":706,"date":"2015-10-23T04:14:14","date_gmt":"2015-10-23T07:14:14","guid":{"rendered":"http:\/\/www.fifv.cl\/2015-final\/?p=706"},"modified":"2015-11-12T00:54:28","modified_gmt":"2015-11-12T03:54:28","slug":"celeste-ortiz","status":"publish","type":"post","link":"https:\/\/www.fifv.cl\/2015\/celeste-ortiz\/","title":{"rendered":"Celeste Ortiz"},"content":{"rendered":"<p>Serie de autorretratos realizados entre 2014 y 2015.\u00a0Utilizo mi propio cuerpo y espacio, mi cuarto, para crear im\u00e1genes y la fotograf\u00eda an\u00e1loga e instant\u00e1nea como medio. Estoy interesada en los conceptos de un mundo interno y otro externo a trav\u00e9s de los l\u00edmites del cuerpo y la conciencia y me preocupa la honestidad dentro de mi arte.<\/p>\n","protected":false},"excerpt":{"rendered":"<p>Serie de autorretratos realizados entre 2014 y 2015.\u00a0Utilizo mi propio cuerpo y espacio, mi cuarto, para crear im\u00e1genes y la fotograf\u00eda an\u00e1loga e instant\u00e1nea como medio. Estoy interesada en los [&hellip;]<\/p>\n","protected":false},"author":2,"featured_media":660,"comment_status":"closed","ping_status":"open","sticky":false,"template":"","format":"standard","meta":{"footnotes":""},"categories":[19],"tags":[],"class_list":["post-706","post","type-post","status-publish","format-standard","has-post-thumbnail","hentry","category-portafolios-gallery"],"_links":{"self":[{"href":"https:\/\/www.fifv.cl\/2015\/wp-json\/wp\/v2\/posts\/706","targetHints":{"allow":["GET"]}}],"collection":[{"href":"https:\/\/www.fifv.cl\/2015\/wp-json\/wp\/v2\/posts"}],"about":[{"href":"https:\/\/www.fifv.cl\/2015\/wp-json\/wp\/v2\/types\/post"}],"author":[{"embeddable":true,"href":"https:\/\/www.fifv.cl\/2015\/wp-json\/wp\/v2\/users\/2"}],"replies":[{"embeddable":true,"href":"https:\/\/www.fifv.cl\/2015\/wp-json\/wp\/v2\/comments?post=706"}],"version-history":[{"count":2,"href":"https:\/\/www.fifv.cl\/2015\/wp-json\/wp\/v2\/posts\/706\/revisions"}],"predecessor-version":[{"id":2041,"href":"https:\/\/www.fifv.cl\/2015\/wp-json\/wp\/v2\/posts\/706\/revisions\/2041"}],"wp:featuredmedia":[{"embeddable":true,"href":"https:\/\/www.fifv.cl\/2015\/wp-json\/wp\/v2\/media\/660"}],"wp:attachment":[{"href":"https:\/\/www.fifv.cl\/2015\/wp-json\/wp\/v2\/media?parent=706"}],"wp:term":[{"taxonomy":"category","embeddable":true,"href":"https:\/\/www.fifv.cl\/2015\/wp-json\/wp\/v2\/categories?post=706"},{"taxonomy":"post_tag","embeddable":true,"href":"https:\/\/www.fifv.cl\/2015\/wp-json\/wp\/v2\/tags?post=706"}],"curies":[{"name":"wp","href":"https:\/\/api.w.org\/{rel}","templated":true}]}}