{"id":698,"date":"2015-10-23T04:10:42","date_gmt":"2015-10-23T07:10:42","guid":{"rendered":"http:\/\/www.fifv.cl\/2015-final\/?p=698"},"modified":"2015-11-12T00:54:01","modified_gmt":"2015-11-12T03:54:01","slug":"miguel-morales","status":"publish","type":"post","link":"https:\/\/www.fifv.cl\/2015\/miguel-morales\/","title":{"rendered":"Miguel Morales"},"content":{"rendered":"<p>Rewind.\u00a0Tomando las fotograf\u00edas del alb\u00fam familiar que hizo mi padre, intento establecer un di\u00e1logo con el presente, a trav\u00e9s de fotograf\u00edas que me remiten a esa mirada, a ese tiempo.<br \/>\nSe trata de establecer una pregunta entre memoria e imagen, entre lo \u00edntimo del alb\u00fam familiar pero al mismo tiempo p\u00fablico como registro de una historia.<\/p>\n","protected":false},"excerpt":{"rendered":"<p>Rewind.\u00a0Tomando las fotograf\u00edas del alb\u00fam familiar que hizo mi padre, intento establecer un di\u00e1logo con el presente, a trav\u00e9s de fotograf\u00edas que me remiten a esa mirada, a ese tiempo. [&hellip;]<\/p>\n","protected":false},"author":2,"featured_media":656,"comment_status":"closed","ping_status":"open","sticky":false,"template":"","format":"standard","meta":{"footnotes":""},"categories":[19],"tags":[],"class_list":["post-698","post","type-post","status-publish","format-standard","has-post-thumbnail","hentry","category-portafolios-gallery"],"_links":{"self":[{"href":"https:\/\/www.fifv.cl\/2015\/wp-json\/wp\/v2\/posts\/698","targetHints":{"allow":["GET"]}}],"collection":[{"href":"https:\/\/www.fifv.cl\/2015\/wp-json\/wp\/v2\/posts"}],"about":[{"href":"https:\/\/www.fifv.cl\/2015\/wp-json\/wp\/v2\/types\/post"}],"author":[{"embeddable":true,"href":"https:\/\/www.fifv.cl\/2015\/wp-json\/wp\/v2\/users\/2"}],"replies":[{"embeddable":true,"href":"https:\/\/www.fifv.cl\/2015\/wp-json\/wp\/v2\/comments?post=698"}],"version-history":[{"count":2,"href":"https:\/\/www.fifv.cl\/2015\/wp-json\/wp\/v2\/posts\/698\/revisions"}],"predecessor-version":[{"id":2037,"href":"https:\/\/www.fifv.cl\/2015\/wp-json\/wp\/v2\/posts\/698\/revisions\/2037"}],"wp:featuredmedia":[{"embeddable":true,"href":"https:\/\/www.fifv.cl\/2015\/wp-json\/wp\/v2\/media\/656"}],"wp:attachment":[{"href":"https:\/\/www.fifv.cl\/2015\/wp-json\/wp\/v2\/media?parent=698"}],"wp:term":[{"taxonomy":"category","embeddable":true,"href":"https:\/\/www.fifv.cl\/2015\/wp-json\/wp\/v2\/categories?post=698"},{"taxonomy":"post_tag","embeddable":true,"href":"https:\/\/www.fifv.cl\/2015\/wp-json\/wp\/v2\/tags?post=698"}],"curies":[{"name":"wp","href":"https:\/\/api.w.org\/{rel}","templated":true}]}}