{"id":680,"date":"2015-10-23T04:02:04","date_gmt":"2015-10-23T07:02:04","guid":{"rendered":"http:\/\/www.fifv.cl\/2015-final\/?p=680"},"modified":"2015-11-12T00:52:59","modified_gmt":"2015-11-12T03:52:59","slug":"juan-pablo-martinez","status":"publish","type":"post","link":"https:\/\/www.fifv.cl\/2015\/juan-pablo-martinez\/","title":{"rendered":"Juan Pablo Marti\u0301nez"},"content":{"rendered":"<p><u><\/u>La Ausencia.\u00a0Es un ensayo con influencias del fotodocumentalismo contempor\u00e1neo. Se busca crear un relato visual potente donde se mezclen diversos tama\u00f1os de im\u00e1genes, m\u00f3dulos de im\u00e1genes donde dialoguen entre si fotograf\u00edas en blanco y negro hechas con c\u00e1maras estenopeicas de cart\u00f3n piedra con fotograf\u00edas a color digitales y fotograf\u00eda an\u00e1loga, generando un discurso visual potente, d\u00factil, fresco\u00a0\u00a0 e intimista. La exposici\u00f3n est\u00e1 ideada para ser montada directamente sobre las paredes, sin enmarcaci\u00f3n, para poder jugar con las im\u00e1genes, su orden y diversidad de formatos, y el espacio de exposici\u00f3n utilizado. La obra incluye 2 textos, el primero de autor\u00eda de Erich Fromm, extra\u00eddo del libro \u201cEl Miedo a la Libertad\u201d, y el segundo es un peque\u00f1o escrito hecho por el autor. Estos textos forman parte de la obra y van dispuestos en las paredes de exposici\u00f3n con sistema de transfer.<\/p>\n<p>La Ausencia<\/p>\n<p>\u201cEl proceso de crecimiento de la libertad humana conlleva tambi\u00e9n un aumento paulatino de su inseguridad y aislamiento y, por ende, una duda creciente acerca de su propio papel en el universo, del significado de la propia vida, y junto con todo esto, un sentimiento creciente de la propia impotencia e insignificancia como individuo\u201d<\/p>\n<p>Erich Fromm<\/p>\n<p>Nunca mas volvemos al \u00fatero \u2013 nunca mas volvemos al para\u00edso \u2013 Tenemos un boleto de destierro sin retorno \u2013 Luego todo se trata de simular la vuelta lo mejor posible \u2013 sabiendo de antemano de la derrota \u2013 Mascando de antemano el tiempo perdido \u2013 Buscando el consuelo \u2013 Queriendo retenerlo \u2013 Siempre mas de la cuenta \u2013 Siempre sin anuncio previo \u2013 Siempre olvidando lo poco que dura todo esto.<\/p>\n","protected":false},"excerpt":{"rendered":"<p>La Ausencia.\u00a0Es un ensayo con influencias del fotodocumentalismo contempor\u00e1neo. Se busca crear un relato visual potente donde se mezclen diversos tama\u00f1os de im\u00e1genes, m\u00f3dulos de im\u00e1genes donde dialoguen entre si [&hellip;]<\/p>\n","protected":false},"author":2,"featured_media":649,"comment_status":"closed","ping_status":"open","sticky":false,"template":"","format":"standard","meta":{"footnotes":""},"categories":[19],"tags":[],"class_list":["post-680","post","type-post","status-publish","format-standard","has-post-thumbnail","hentry","category-portafolios-gallery"],"_links":{"self":[{"href":"https:\/\/www.fifv.cl\/2015\/wp-json\/wp\/v2\/posts\/680","targetHints":{"allow":["GET"]}}],"collection":[{"href":"https:\/\/www.fifv.cl\/2015\/wp-json\/wp\/v2\/posts"}],"about":[{"href":"https:\/\/www.fifv.cl\/2015\/wp-json\/wp\/v2\/types\/post"}],"author":[{"embeddable":true,"href":"https:\/\/www.fifv.cl\/2015\/wp-json\/wp\/v2\/users\/2"}],"replies":[{"embeddable":true,"href":"https:\/\/www.fifv.cl\/2015\/wp-json\/wp\/v2\/comments?post=680"}],"version-history":[{"count":2,"href":"https:\/\/www.fifv.cl\/2015\/wp-json\/wp\/v2\/posts\/680\/revisions"}],"predecessor-version":[{"id":2030,"href":"https:\/\/www.fifv.cl\/2015\/wp-json\/wp\/v2\/posts\/680\/revisions\/2030"}],"wp:featuredmedia":[{"embeddable":true,"href":"https:\/\/www.fifv.cl\/2015\/wp-json\/wp\/v2\/media\/649"}],"wp:attachment":[{"href":"https:\/\/www.fifv.cl\/2015\/wp-json\/wp\/v2\/media?parent=680"}],"wp:term":[{"taxonomy":"category","embeddable":true,"href":"https:\/\/www.fifv.cl\/2015\/wp-json\/wp\/v2\/categories?post=680"},{"taxonomy":"post_tag","embeddable":true,"href":"https:\/\/www.fifv.cl\/2015\/wp-json\/wp\/v2\/tags?post=680"}],"curies":[{"name":"wp","href":"https:\/\/api.w.org\/{rel}","templated":true}]}}