{"id":645,"date":"2015-10-23T03:56:30","date_gmt":"2015-10-23T06:56:30","guid":{"rendered":"http:\/\/www.fifv.cl\/2015-final\/?p=645"},"modified":"2015-11-12T00:52:37","modified_gmt":"2015-11-12T03:52:37","slug":"erick-faundez","status":"publish","type":"post","link":"https:\/\/www.fifv.cl\/2015\/erick-faundez\/","title":{"rendered":"Erick Fau\u0301ndez"},"content":{"rendered":"<p><em>Ciudad Par\u00e1sito <\/em>es la tercera parte de un proyecto dividido en seis actos, que de manera paralela ahondan en el hogar, archivo y memoria familiar; dichos conceptos son representados como diferentes contenedores de memoria y conceptualmente son abordados como una tumba simb\u00f3lica que desde un imaginario y distintos formatos recrean historias familiares narradas desde el objeto\/imagen encontrado.<br \/>\nEl ejercicio fotogr\u00e1fico se plantea desde el recorrido de lugar \u201cX\u201d a lugar \u201cZ\u201d donde retrato fachadas de casas abandonadas las cuales denomino como <em>lugares par\u00e1sito<\/em> el t\u00e9rmino lo utilizo para clasificar lugares que en alg\u00fan momento funcionaron como contenedores de memoria y en la actualidad se presentan como una ruina contempor\u00e1nea sin uso aparente y que en su interior alberga objetos abandonados por sus due\u00f1os evidenciando la dicotom\u00eda entre memoria y olvido.<\/p>\n<p>En tanto a la forma del trabajo se aborda desde los vestigios de tiempos pasados objetos, fotograf\u00edas, ropajes, entre otros qu\u00e9 por medio de la confecci\u00f3n de contenedores como \u00e1lbumes, libretas y cuadernillos forman una instalaci\u00f3n fotogr\u00e1fica que ficcionan memorias familiares y relatos a partir de los objetos albergados en el interior de las casas fotografiadas. Dichas casas permanecen en una constante pugna con la sobre-modernidad<a href=\"#_ftn1\" name=\"_ftnref1\">[1]<\/a>, el trabajo URBE Jorge Gronemeyer plantea qu\u00e9: \u201cNuestras ciudades se encuentran en continuo y asumido proceso de transformaci\u00f3n. Su desmedido e incontrolable crecimiento y sobre-poblaci\u00f3n, han llevado a una expansi\u00f3n de la urbe tanto en sentido de edificaci\u00f3n vertical, como en su extensi\u00f3n horizontal.\u201d Casa\/inmueble se transforma en una especie de tumba simb\u00f3lica que atesora recuerdos destinados a morir, en consecuencia pierden su valor como s\u00edmbolos y estandartes de \u201cla identidad\u201d; es decir Casa, \u00c1lbum y Memoria se convierten en desechos de tiempos rancios no adecuados al sujeto contempor\u00e1neo.<\/p>\n<p><a href=\"#_ftnref1\" name=\"_ftn1\">[1]<\/a> La\u00a0<strong>sobremodernidad<\/strong>\u00a0 o, seg\u00fan el autor,\u00a0<strong>hipermodernidad<\/strong>\u00a0es un concepto acu\u00f1ado por el\u00a0<a href=\"https:\/\/es.wikipedia.org\/wiki\/Antrop%C3%B3logo\">antrop\u00f3logo<\/a>\u00a0franc\u00e9s\u00a0<a href=\"https:\/\/es.wikipedia.org\/wiki\/Marc_Aug%C3%A9\">Marc Aug\u00e9<\/a>\u00a0para referirse a la aceleraci\u00f3n de todos los factores constitutivos de la modernidad.<\/p>\n","protected":false},"excerpt":{"rendered":"<p>Ciudad Par\u00e1sito es la tercera parte de un proyecto dividido en seis actos, que de manera paralela ahondan en el hogar, archivo y memoria familiar; dichos conceptos son representados como [&hellip;]<\/p>\n","protected":false},"author":2,"featured_media":646,"comment_status":"closed","ping_status":"open","sticky":false,"template":"","format":"standard","meta":{"footnotes":""},"categories":[19],"tags":[],"class_list":["post-645","post","type-post","status-publish","format-standard","has-post-thumbnail","hentry","category-portafolios-gallery"],"_links":{"self":[{"href":"https:\/\/www.fifv.cl\/2015\/wp-json\/wp\/v2\/posts\/645","targetHints":{"allow":["GET"]}}],"collection":[{"href":"https:\/\/www.fifv.cl\/2015\/wp-json\/wp\/v2\/posts"}],"about":[{"href":"https:\/\/www.fifv.cl\/2015\/wp-json\/wp\/v2\/types\/post"}],"author":[{"embeddable":true,"href":"https:\/\/www.fifv.cl\/2015\/wp-json\/wp\/v2\/users\/2"}],"replies":[{"embeddable":true,"href":"https:\/\/www.fifv.cl\/2015\/wp-json\/wp\/v2\/comments?post=645"}],"version-history":[{"count":2,"href":"https:\/\/www.fifv.cl\/2015\/wp-json\/wp\/v2\/posts\/645\/revisions"}],"predecessor-version":[{"id":2027,"href":"https:\/\/www.fifv.cl\/2015\/wp-json\/wp\/v2\/posts\/645\/revisions\/2027"}],"wp:featuredmedia":[{"embeddable":true,"href":"https:\/\/www.fifv.cl\/2015\/wp-json\/wp\/v2\/media\/646"}],"wp:attachment":[{"href":"https:\/\/www.fifv.cl\/2015\/wp-json\/wp\/v2\/media?parent=645"}],"wp:term":[{"taxonomy":"category","embeddable":true,"href":"https:\/\/www.fifv.cl\/2015\/wp-json\/wp\/v2\/categories?post=645"},{"taxonomy":"post_tag","embeddable":true,"href":"https:\/\/www.fifv.cl\/2015\/wp-json\/wp\/v2\/tags?post=645"}],"curies":[{"name":"wp","href":"https:\/\/api.w.org\/{rel}","templated":true}]}}