{"id":633,"date":"2015-10-23T03:50:11","date_gmt":"2015-10-23T06:50:11","guid":{"rendered":"http:\/\/www.fifv.cl\/2015-final\/?p=633"},"modified":"2015-11-12T00:55:50","modified_gmt":"2015-11-12T03:55:50","slug":"pablo-izquierdo","status":"publish","type":"post","link":"https:\/\/www.fifv.cl\/2015\/pablo-izquierdo\/","title":{"rendered":"Pablo Izquierdo"},"content":{"rendered":"<p>R.S.V.P. Brillo opaco, luces y sombras que marcan arrugas tapadas con estuco y aros de perlas que cargan culpas.<br \/>\nSin intentar convencer, capto lugares comunes a trav\u00e9s de una observaci\u00f3n documental en eventos sociales chilenos, donde utilizando el humor como herramienta, se quiere impactar con im\u00e1genes pict\u00f3ricas que ofrecen una segunda lectura.<br \/>\nSe descubre una sociedad dividida en clases, donde la aspiraci\u00f3n es el motor de sobrevivencia en ese espacio determinado.<\/p>\n<p>Se pretende representar una cultura barroca que muestra pero oculta; tercera edad que intenta rejuvenecer en su indefinida espera, pobres que aparentan seguridad en un ambiente inh\u00f3spito, laicos fervorosos, j\u00f3venes avejentados y ni\u00f1os adornados.<\/p>\n<p>&nbsp;<\/p>\n","protected":false},"excerpt":{"rendered":"<p>R.S.V.P. Brillo opaco, luces y sombras que marcan arrugas tapadas con estuco y aros de perlas que cargan culpas. Sin intentar convencer, capto lugares comunes a trav\u00e9s de una observaci\u00f3n [&hellip;]<\/p>\n","protected":false},"author":2,"featured_media":634,"comment_status":"closed","ping_status":"open","sticky":false,"template":"","format":"standard","meta":{"footnotes":""},"categories":[19],"tags":[],"class_list":["post-633","post","type-post","status-publish","format-standard","has-post-thumbnail","hentry","category-portafolios-gallery"],"_links":{"self":[{"href":"https:\/\/www.fifv.cl\/2015\/wp-json\/wp\/v2\/posts\/633","targetHints":{"allow":["GET"]}}],"collection":[{"href":"https:\/\/www.fifv.cl\/2015\/wp-json\/wp\/v2\/posts"}],"about":[{"href":"https:\/\/www.fifv.cl\/2015\/wp-json\/wp\/v2\/types\/post"}],"author":[{"embeddable":true,"href":"https:\/\/www.fifv.cl\/2015\/wp-json\/wp\/v2\/users\/2"}],"replies":[{"embeddable":true,"href":"https:\/\/www.fifv.cl\/2015\/wp-json\/wp\/v2\/comments?post=633"}],"version-history":[{"count":12,"href":"https:\/\/www.fifv.cl\/2015\/wp-json\/wp\/v2\/posts\/633\/revisions"}],"predecessor-version":[{"id":2052,"href":"https:\/\/www.fifv.cl\/2015\/wp-json\/wp\/v2\/posts\/633\/revisions\/2052"}],"wp:featuredmedia":[{"embeddable":true,"href":"https:\/\/www.fifv.cl\/2015\/wp-json\/wp\/v2\/media\/634"}],"wp:attachment":[{"href":"https:\/\/www.fifv.cl\/2015\/wp-json\/wp\/v2\/media?parent=633"}],"wp:term":[{"taxonomy":"category","embeddable":true,"href":"https:\/\/www.fifv.cl\/2015\/wp-json\/wp\/v2\/categories?post=633"},{"taxonomy":"post_tag","embeddable":true,"href":"https:\/\/www.fifv.cl\/2015\/wp-json\/wp\/v2\/tags?post=633"}],"curies":[{"name":"wp","href":"https:\/\/api.w.org\/{rel}","templated":true}]}}