{"id":597,"date":"2015-10-23T03:20:41","date_gmt":"2015-10-23T06:20:41","guid":{"rendered":"http:\/\/www.fifv.cl\/2015-final\/?p=597"},"modified":"2015-11-12T00:51:28","modified_gmt":"2015-11-12T03:51:28","slug":"axis-mundi-emilio-fuentes","status":"publish","type":"post","link":"https:\/\/www.fifv.cl\/2015\/axis-mundi-emilio-fuentes\/","title":{"rendered":"Emilio Fuentes"},"content":{"rendered":"<p>Axis Mundi. Este proyecto, intenta exhibir la conexi\u00f3n entre lo humano y lo divino a trav\u00e9s de una serie de fotograf\u00edas de ambientes naturales, organizadas en tres grupos. El primero de ellos contiene fotograf\u00edas de antenas, seguido por segundo conjunto de retratos de mujeres y hombres, y finalmente un tercer grupo compuesto por fotomontajes.<\/p>\n<p>Cada una de las fotograf\u00edas, se establece como una representaci\u00f3n del s\u00edmbolo \u201cAxis Mundi\u201d. Este s\u00edmbolo ubicuo, se encuentra, incluso, entre lo religioso y lo secular. Denominado tambi\u00e9n el eje del mundo, el Axis Mundi se muestra de diversas formas f\u00edsicas, pero siempre en posici\u00f3n vertical. Seg\u00fan esto, puede ser representado como objetos naturales (\u00e1rboles, monta\u00f1as o columnas de fuego), hasta elementos fabricados por el hombre como torres, t\u00f3tems y campanarios, entre otros. En este sentido, cada estructura vertical presente en las fotograf\u00edas (ya sea antenas, humanos y estructuras construidas por medio del fotomontaje) se instala como el s\u00edmbolo en cuesti\u00f3n por donde fluyen, de modo c\u00edclico e infinito, las energ\u00edas entre lo inferior o terrenal y lo superior asociado a lo divino. Este eje materializado en cada fotograf\u00eda, se puede enmarcar como la fuente de vida y la realidad absoluta, y cuyo v\u00ednculo entre la tierra y el cielo, antes mencionado, se liga tambi\u00e9n al mito del eterno retorno, donde la acci\u00f3n de posar y registrar es parte de un ritual. De esta manera, el simbolismo desprendido de cada fotograf\u00eda conduce a pensar un tr\u00e1nsito entre principios y finales; los que a su vez producir\u00e1n nuevos comienzos. Este eterno retorno, no solo se asocia a la repetici\u00f3n de nuevos acontecimientos, sino que tambi\u00e9n al tr\u00e1nsito de modo infinito de ideas y pensamientos (por esto la elecci\u00f3n de generar fotograf\u00edas circulares).<\/p>\n","protected":false},"excerpt":{"rendered":"<p>Axis Mundi. Este proyecto, intenta exhibir la conexi\u00f3n entre lo humano y lo divino a trav\u00e9s de una serie de fotograf\u00edas de ambientes naturales, organizadas en tres grupos. El primero [&hellip;]<\/p>\n","protected":false},"author":2,"featured_media":622,"comment_status":"closed","ping_status":"open","sticky":false,"template":"","format":"standard","meta":{"footnotes":""},"categories":[19],"tags":[],"class_list":["post-597","post","type-post","status-publish","format-standard","has-post-thumbnail","hentry","category-portafolios-gallery"],"_links":{"self":[{"href":"https:\/\/www.fifv.cl\/2015\/wp-json\/wp\/v2\/posts\/597","targetHints":{"allow":["GET"]}}],"collection":[{"href":"https:\/\/www.fifv.cl\/2015\/wp-json\/wp\/v2\/posts"}],"about":[{"href":"https:\/\/www.fifv.cl\/2015\/wp-json\/wp\/v2\/types\/post"}],"author":[{"embeddable":true,"href":"https:\/\/www.fifv.cl\/2015\/wp-json\/wp\/v2\/users\/2"}],"replies":[{"embeddable":true,"href":"https:\/\/www.fifv.cl\/2015\/wp-json\/wp\/v2\/comments?post=597"}],"version-history":[{"count":14,"href":"https:\/\/www.fifv.cl\/2015\/wp-json\/wp\/v2\/posts\/597\/revisions"}],"predecessor-version":[{"id":2023,"href":"https:\/\/www.fifv.cl\/2015\/wp-json\/wp\/v2\/posts\/597\/revisions\/2023"}],"wp:featuredmedia":[{"embeddable":true,"href":"https:\/\/www.fifv.cl\/2015\/wp-json\/wp\/v2\/media\/622"}],"wp:attachment":[{"href":"https:\/\/www.fifv.cl\/2015\/wp-json\/wp\/v2\/media?parent=597"}],"wp:term":[{"taxonomy":"category","embeddable":true,"href":"https:\/\/www.fifv.cl\/2015\/wp-json\/wp\/v2\/categories?post=597"},{"taxonomy":"post_tag","embeddable":true,"href":"https:\/\/www.fifv.cl\/2015\/wp-json\/wp\/v2\/tags?post=597"}],"curies":[{"name":"wp","href":"https:\/\/api.w.org\/{rel}","templated":true}]}}