{"id":440,"date":"2015-10-22T10:11:59","date_gmt":"2015-10-22T13:11:59","guid":{"rendered":"http:\/\/www.fifv.cl\/2015-final\/?p=440"},"modified":"2015-10-30T13:06:27","modified_gmt":"2015-10-30T16:06:27","slug":"tomas-quiroga","status":"publish","type":"post","link":"https:\/\/www.fifv.cl\/2015\/tomas-quiroga\/","title":{"rendered":"Tom\u00e1s Quiroga"},"content":{"rendered":"<p>Fot\u00f3grafo chileno. Graduado de Fotograf\u00eda Documental en <em>EFTI<\/em> de Madrid. Ha vivido en varios pa\u00edses, circunstancia biogr\u00e1fica que causa en \u00e9l un sentimiento de patria perdida o difuminada, algo parecido a un desarraigo. De ese sentimiento nace \u201cAp\u00e1trida\u201d trabajo presentado en el festival ImageSingulieres en S\u00e8te (Francia) y publicado en formato fotolibro.<\/p>\n<p>(Foto por\u00a0Elde Gelos)<\/p>\n<p>&nbsp;<\/p>\n","protected":false},"excerpt":{"rendered":"<p>Fot\u00f3grafo chileno. Graduado de Fotograf\u00eda Documental en EFTI de Madrid. Ha vivido en varios pa\u00edses, circunstancia biogr\u00e1fica que causa en \u00e9l un sentimiento de patria perdida o difuminada, algo parecido [&hellip;]<\/p>\n","protected":false},"author":2,"featured_media":821,"comment_status":"closed","ping_status":"open","sticky":false,"template":"","format":"standard","meta":{"footnotes":""},"categories":[17],"tags":[],"class_list":["post-440","post","type-post","status-publish","format-standard","has-post-thumbnail","hentry","category-invitados-adicionales"],"_links":{"self":[{"href":"https:\/\/www.fifv.cl\/2015\/wp-json\/wp\/v2\/posts\/440","targetHints":{"allow":["GET"]}}],"collection":[{"href":"https:\/\/www.fifv.cl\/2015\/wp-json\/wp\/v2\/posts"}],"about":[{"href":"https:\/\/www.fifv.cl\/2015\/wp-json\/wp\/v2\/types\/post"}],"author":[{"embeddable":true,"href":"https:\/\/www.fifv.cl\/2015\/wp-json\/wp\/v2\/users\/2"}],"replies":[{"embeddable":true,"href":"https:\/\/www.fifv.cl\/2015\/wp-json\/wp\/v2\/comments?post=440"}],"version-history":[{"count":4,"href":"https:\/\/www.fifv.cl\/2015\/wp-json\/wp\/v2\/posts\/440\/revisions"}],"predecessor-version":[{"id":1151,"href":"https:\/\/www.fifv.cl\/2015\/wp-json\/wp\/v2\/posts\/440\/revisions\/1151"}],"wp:featuredmedia":[{"embeddable":true,"href":"https:\/\/www.fifv.cl\/2015\/wp-json\/wp\/v2\/media\/821"}],"wp:attachment":[{"href":"https:\/\/www.fifv.cl\/2015\/wp-json\/wp\/v2\/media?parent=440"}],"wp:term":[{"taxonomy":"category","embeddable":true,"href":"https:\/\/www.fifv.cl\/2015\/wp-json\/wp\/v2\/categories?post=440"},{"taxonomy":"post_tag","embeddable":true,"href":"https:\/\/www.fifv.cl\/2015\/wp-json\/wp\/v2\/tags?post=440"}],"curies":[{"name":"wp","href":"https:\/\/api.w.org\/{rel}","templated":true}]}}