{"id":422,"date":"2015-10-22T10:19:05","date_gmt":"2015-10-22T13:19:05","guid":{"rendered":"http:\/\/www.fifv.cl\/2015-final\/?p=422"},"modified":"2015-10-28T17:20:56","modified_gmt":"2015-10-28T20:20:56","slug":"mauricio-valenzuela","status":"publish","type":"post","link":"https:\/\/www.fifv.cl\/2015\/mauricio-valenzuela\/","title":{"rendered":"Mauricio Valenzuela"},"content":{"rendered":"<p>Nacido en Santiago, el a\u00f1o1951, fot\u00f3grafo con formaci\u00f3n acad\u00e9mica en artes visuales. Miembro activo de la ACU (Agrupaci\u00f3n Cultural Universitaria) y de la AFI (Agrupaci\u00f3n de Fot\u00f3grafos Independiente) durante los 80. Es autor de dos fotolibros imprescindibles: \u00abMauricio Valenzuela\u00bb (Ediciones Econ\u00f3micas de Fotograf\u00eda Chilena, 1983) y \u00abLa niebla\u00bb (Ediciones La Visita, 2011). Su obra se encuentra en importantes espacios culturales como el Museo Nacional Centro de Arte Reina Sof\u00eda (Madrid, Espa\u00f1a). Padre del tambi\u00e9n fot\u00f3grafo Emiliano Valenzuela.<\/p>\n","protected":false},"excerpt":{"rendered":"<p>Nacido en Santiago, el a\u00f1o1951, fot\u00f3grafo con formaci\u00f3n acad\u00e9mica en artes visuales. Miembro activo de la ACU (Agrupaci\u00f3n Cultural Universitaria) y de la AFI (Agrupaci\u00f3n de Fot\u00f3grafos Independiente) durante los [&hellip;]<\/p>\n","protected":false},"author":2,"featured_media":883,"comment_status":"closed","ping_status":"open","sticky":false,"template":"","format":"standard","meta":{"footnotes":""},"categories":[17],"tags":[],"class_list":["post-422","post","type-post","status-publish","format-standard","has-post-thumbnail","hentry","category-invitados-adicionales"],"_links":{"self":[{"href":"https:\/\/www.fifv.cl\/2015\/wp-json\/wp\/v2\/posts\/422","targetHints":{"allow":["GET"]}}],"collection":[{"href":"https:\/\/www.fifv.cl\/2015\/wp-json\/wp\/v2\/posts"}],"about":[{"href":"https:\/\/www.fifv.cl\/2015\/wp-json\/wp\/v2\/types\/post"}],"author":[{"embeddable":true,"href":"https:\/\/www.fifv.cl\/2015\/wp-json\/wp\/v2\/users\/2"}],"replies":[{"embeddable":true,"href":"https:\/\/www.fifv.cl\/2015\/wp-json\/wp\/v2\/comments?post=422"}],"version-history":[{"count":1,"href":"https:\/\/www.fifv.cl\/2015\/wp-json\/wp\/v2\/posts\/422\/revisions"}],"predecessor-version":[{"id":423,"href":"https:\/\/www.fifv.cl\/2015\/wp-json\/wp\/v2\/posts\/422\/revisions\/423"}],"wp:featuredmedia":[{"embeddable":true,"href":"https:\/\/www.fifv.cl\/2015\/wp-json\/wp\/v2\/media\/883"}],"wp:attachment":[{"href":"https:\/\/www.fifv.cl\/2015\/wp-json\/wp\/v2\/media?parent=422"}],"wp:term":[{"taxonomy":"category","embeddable":true,"href":"https:\/\/www.fifv.cl\/2015\/wp-json\/wp\/v2\/categories?post=422"},{"taxonomy":"post_tag","embeddable":true,"href":"https:\/\/www.fifv.cl\/2015\/wp-json\/wp\/v2\/tags?post=422"}],"curies":[{"name":"wp","href":"https:\/\/api.w.org\/{rel}","templated":true}]}}