{"id":420,"date":"2015-10-22T10:18:30","date_gmt":"2015-10-22T13:18:30","guid":{"rendered":"http:\/\/www.fifv.cl\/2015-final\/?p=420"},"modified":"2015-10-30T13:08:21","modified_gmt":"2015-10-30T16:08:21","slug":"emiliano-valenzuela","status":"publish","type":"post","link":"https:\/\/www.fifv.cl\/2015\/emiliano-valenzuela\/","title":{"rendered":"Emiliano Valenzuela"},"content":{"rendered":"<p>Fot\u00f3grafo y periodista nacido en Santiago, hijo de Mauricio Valenzuela. Trabaj\u00f3, hasta su cierre, en La Naci\u00f3n Domingo como periodista, adem\u00e1s de cronista y fot\u00f3grafo. En 2006 recibi\u00f3 la beca Pablo Neruda para escritores j\u00f3venes. Fund\u00f3 junto a otros compa\u00f1eros el Colectivo Fotogr\u00e1fico Niebla, participando en varias instancias de difusi\u00f3n de la fotograf\u00eda como: Primera exposici\u00f3n de fotograf\u00eda urbana Chile-M\u00e9xico (La Reina 2011); Festival Internacional de Fotograf\u00eda de Valpara\u00edso (2012 -2013).<\/p>\n","protected":false},"excerpt":{"rendered":"<p>Fot\u00f3grafo y periodista nacido en Santiago, hijo de Mauricio Valenzuela. Trabaj\u00f3, hasta su cierre, en La Naci\u00f3n Domingo como periodista, adem\u00e1s de cronista y fot\u00f3grafo. En 2006 recibi\u00f3 la beca [&hellip;]<\/p>\n","protected":false},"author":2,"featured_media":984,"comment_status":"closed","ping_status":"open","sticky":false,"template":"","format":"standard","meta":{"footnotes":""},"categories":[17],"tags":[],"class_list":["post-420","post","type-post","status-publish","format-standard","has-post-thumbnail","hentry","category-invitados-adicionales"],"_links":{"self":[{"href":"https:\/\/www.fifv.cl\/2015\/wp-json\/wp\/v2\/posts\/420","targetHints":{"allow":["GET"]}}],"collection":[{"href":"https:\/\/www.fifv.cl\/2015\/wp-json\/wp\/v2\/posts"}],"about":[{"href":"https:\/\/www.fifv.cl\/2015\/wp-json\/wp\/v2\/types\/post"}],"author":[{"embeddable":true,"href":"https:\/\/www.fifv.cl\/2015\/wp-json\/wp\/v2\/users\/2"}],"replies":[{"embeddable":true,"href":"https:\/\/www.fifv.cl\/2015\/wp-json\/wp\/v2\/comments?post=420"}],"version-history":[{"count":5,"href":"https:\/\/www.fifv.cl\/2015\/wp-json\/wp\/v2\/posts\/420\/revisions"}],"predecessor-version":[{"id":1155,"href":"https:\/\/www.fifv.cl\/2015\/wp-json\/wp\/v2\/posts\/420\/revisions\/1155"}],"wp:featuredmedia":[{"embeddable":true,"href":"https:\/\/www.fifv.cl\/2015\/wp-json\/wp\/v2\/media\/984"}],"wp:attachment":[{"href":"https:\/\/www.fifv.cl\/2015\/wp-json\/wp\/v2\/media?parent=420"}],"wp:term":[{"taxonomy":"category","embeddable":true,"href":"https:\/\/www.fifv.cl\/2015\/wp-json\/wp\/v2\/categories?post=420"},{"taxonomy":"post_tag","embeddable":true,"href":"https:\/\/www.fifv.cl\/2015\/wp-json\/wp\/v2\/tags?post=420"}],"curies":[{"name":"wp","href":"https:\/\/api.w.org\/{rel}","templated":true}]}}