{"id":404,"date":"2015-10-22T23:16:33","date_gmt":"2015-10-23T02:16:33","guid":{"rendered":"http:\/\/www.fifv.cl\/2015-final\/?p=404"},"modified":"2015-12-08T18:11:35","modified_gmt":"2015-12-08T21:11:35","slug":"claudio-magrini","status":"publish","type":"post","link":"https:\/\/www.fifv.cl\/2015\/claudio-magrini\/","title":{"rendered":"DI\u00c1LOGO ENTRE PAOLO VERZONE (Italia) y el arquitecto CLAUDIO MAGRINI (Italia)."},"content":{"rendered":"<p>Claudio Magrini es invitado a dialogar en esta versi\u00f3n del FIFV con su compatriota, el fot\u00f3grafo Paolo Verzone, Ambos conversaron\u00a0sobre el trabajo fot\u00f3gr\u00e1fico desde la perspectiva de la arquitectura y el urbanismo. Magrini es un arquitecto titulado en el Polit\u00e9cnico de Mil\u00e1n y director del Mag\u00edster \u201cTerritorio y Paisaje\u201d de la Universidad Diego Portales.<\/p>\n<p>Moderadora:\u00a0 Patricia Rivera<\/p>\n<div class=\"clearfix\"><\/div>\n<h2>Galer\u00eda<\/h2>\n<p><img loading=\"lazy\" decoding=\"async\" class=\"alignnone size-full wp-image-2266\" src=\"http:\/\/www.fifv.cl\/2015\/wp-content\/uploads\/2015\/10\/DSF0176-1024x6831.jpg\" alt=\"DSF0176-1024x683\" width=\"1024\" height=\"683\" srcset=\"https:\/\/www.fifv.cl\/2015\/wp-content\/uploads\/2015\/10\/DSF0176-1024x6831.jpg 1024w, https:\/\/www.fifv.cl\/2015\/wp-content\/uploads\/2015\/10\/DSF0176-1024x6831-300x200.jpg 300w, https:\/\/www.fifv.cl\/2015\/wp-content\/uploads\/2015\/10\/DSF0176-1024x6831-750x500.jpg 750w\" sizes=\"auto, (max-width: 1024px) 100vw, 1024px\" \/><\/p>\n","protected":false},"excerpt":{"rendered":"<p>Claudio Magrini es invitado a dialogar en esta versi\u00f3n del FIFV con su compatriota, el fot\u00f3grafo Paolo Verzone, Ambos conversaron\u00a0sobre el trabajo fot\u00f3gr\u00e1fico desde la perspectiva de la arquitectura y [&hellip;]<\/p>\n","protected":false},"author":2,"featured_media":886,"comment_status":"closed","ping_status":"open","sticky":false,"template":"","format":"image","meta":{"footnotes":""},"categories":[2],"tags":[],"class_list":["post-404","post","type-post","status-publish","format-image","has-post-thumbnail","hentry","category-dialogos-fotograficos","post_format-post-format-image"],"_links":{"self":[{"href":"https:\/\/www.fifv.cl\/2015\/wp-json\/wp\/v2\/posts\/404","targetHints":{"allow":["GET"]}}],"collection":[{"href":"https:\/\/www.fifv.cl\/2015\/wp-json\/wp\/v2\/posts"}],"about":[{"href":"https:\/\/www.fifv.cl\/2015\/wp-json\/wp\/v2\/types\/post"}],"author":[{"embeddable":true,"href":"https:\/\/www.fifv.cl\/2015\/wp-json\/wp\/v2\/users\/2"}],"replies":[{"embeddable":true,"href":"https:\/\/www.fifv.cl\/2015\/wp-json\/wp\/v2\/comments?post=404"}],"version-history":[{"count":11,"href":"https:\/\/www.fifv.cl\/2015\/wp-json\/wp\/v2\/posts\/404\/revisions"}],"predecessor-version":[{"id":2267,"href":"https:\/\/www.fifv.cl\/2015\/wp-json\/wp\/v2\/posts\/404\/revisions\/2267"}],"wp:featuredmedia":[{"embeddable":true,"href":"https:\/\/www.fifv.cl\/2015\/wp-json\/wp\/v2\/media\/886"}],"wp:attachment":[{"href":"https:\/\/www.fifv.cl\/2015\/wp-json\/wp\/v2\/media?parent=404"}],"wp:term":[{"taxonomy":"category","embeddable":true,"href":"https:\/\/www.fifv.cl\/2015\/wp-json\/wp\/v2\/categories?post=404"},{"taxonomy":"post_tag","embeddable":true,"href":"https:\/\/www.fifv.cl\/2015\/wp-json\/wp\/v2\/tags?post=404"}],"curies":[{"name":"wp","href":"https:\/\/api.w.org\/{rel}","templated":true}]}}