{"id":353,"date":"2015-10-20T10:15:53","date_gmt":"2015-10-20T13:15:53","guid":{"rendered":"http:\/\/www.fifv.cl\/2015-final\/?p=353"},"modified":"2016-02-02T15:51:36","modified_gmt":"2016-02-02T18:51:36","slug":"muestra-de-fotolibros-latinoamericanos","status":"publish","type":"post","link":"https:\/\/www.fifv.cl\/2015\/muestra-de-fotolibros-latinoamericanos\/","title":{"rendered":"Muestra de Fotolibros Latinoamericanos"},"content":{"rendered":"<p>Comprende fotolibros que el FIFV recibi\u00f3 durante el a\u00f1o 2015 producto de una convocatoria Latinoamericana, incluyendo producciones del \u00faltimo tiempo y anteriores. El objetivo de esta muestra es conectar los trabajos de artistas de todo el continente, adem\u00e1s de potenciar el fotolibro como un soporte que perdura en el tiempo y permite que la fotograf\u00eda latinoamericana se difunda e internacionalice.<\/p>\n<p>Una colecci\u00f3n \u00fanica de m\u00e1s de 350 fotolibros, que muchos de ellos no se comercializan en nuestro pa\u00eds. Entre esta amplia selecci\u00f3n se encuentran desde donaciones de editoriales de renombre y con gran tiraje, hasta auto-ediciones artesanales que s\u00f3lo cuentan con un ejemplar. Las publicaciones que los asistentes podr\u00e1n revisar provienen de M\u00e9xico, Brasil, Venezuela y otros pa\u00edses latinoamericanos. La variedad de tem\u00e1ticas y el distinto uso de materias primas,\u00a0destacan como lo m\u00e1s interesante de esta muestra.<\/p>\n<div class=\"clearfix\"><\/div>\n<h2>Galer\u00eda de la Exposici\u00f3n<\/h2>\n<p><img loading=\"lazy\" decoding=\"async\" class=\"aligncenter wp-image-2193 size-full\" src=\"http:\/\/www.fifv.cl\/2015\/wp-content\/uploads\/2015\/10\/MG_79431.jpg\" alt=\"_MG_7943\" width=\"5616\" height=\"3744\" srcset=\"https:\/\/www.fifv.cl\/2015\/wp-content\/uploads\/2015\/10\/MG_79431.jpg 5616w, https:\/\/www.fifv.cl\/2015\/wp-content\/uploads\/2015\/10\/MG_79431-300x200.jpg 300w, https:\/\/www.fifv.cl\/2015\/wp-content\/uploads\/2015\/10\/MG_79431-1024x683.jpg 1024w, https:\/\/www.fifv.cl\/2015\/wp-content\/uploads\/2015\/10\/MG_79431-750x500.jpg 750w\" sizes=\"auto, (max-width: 5616px) 100vw, 5616px\" \/><\/p>\n<p style=\"text-align: center;\"><img loading=\"lazy\" decoding=\"async\" class=\"alignnone wp-image-2192 size-full\" src=\"http:\/\/www.fifv.cl\/2015\/wp-content\/uploads\/2015\/10\/DSF00401.jpg\" alt=\"_DSF0040\" width=\"4896\" height=\"3264\" srcset=\"https:\/\/www.fifv.cl\/2015\/wp-content\/uploads\/2015\/10\/DSF00401.jpg 4896w, https:\/\/www.fifv.cl\/2015\/wp-content\/uploads\/2015\/10\/DSF00401-300x200.jpg 300w, https:\/\/www.fifv.cl\/2015\/wp-content\/uploads\/2015\/10\/DSF00401-1024x683.jpg 1024w, https:\/\/www.fifv.cl\/2015\/wp-content\/uploads\/2015\/10\/DSF00401-750x500.jpg 750w\" sizes=\"auto, (max-width: 4896px) 100vw, 4896px\" \/><\/p>\n<p><img loading=\"lazy\" decoding=\"async\" class=\"aligncenter wp-image-2191 size-full\" src=\"http:\/\/www.fifv.cl\/2015\/wp-content\/uploads\/2015\/10\/unnamed.jpg\" alt=\"unnamed\" width=\"5616\" height=\"3744\" srcset=\"https:\/\/www.fifv.cl\/2015\/wp-content\/uploads\/2015\/10\/unnamed.jpg 5616w, https:\/\/www.fifv.cl\/2015\/wp-content\/uploads\/2015\/10\/unnamed-300x200.jpg 300w, https:\/\/www.fifv.cl\/2015\/wp-content\/uploads\/2015\/10\/unnamed-1024x683.jpg 1024w, https:\/\/www.fifv.cl\/2015\/wp-content\/uploads\/2015\/10\/unnamed-750x500.jpg 750w\" sizes=\"auto, (max-width: 5616px) 100vw, 5616px\" \/><\/p>\n<p><a href=\"http:\/\/www.fifv.cl\/2015\/wp-content\/uploads\/2015\/10\/foitoslirb.jpg\"><img loading=\"lazy\" decoding=\"async\" class=\"alignnone size-full wp-image-2345\" src=\"http:\/\/www.fifv.cl\/2015\/wp-content\/uploads\/2015\/10\/foitoslirb.jpg\" alt=\"foitoslirb\" width=\"732\" height=\"488\" srcset=\"https:\/\/www.fifv.cl\/2015\/wp-content\/uploads\/2015\/10\/foitoslirb.jpg 732w, https:\/\/www.fifv.cl\/2015\/wp-content\/uploads\/2015\/10\/foitoslirb-300x200.jpg 300w\" sizes=\"auto, (max-width: 732px) 100vw, 732px\" \/><\/a> <a href=\"http:\/\/www.fifv.cl\/2015\/wp-content\/uploads\/2015\/10\/fotootg.jpg\"><img loading=\"lazy\" decoding=\"async\" class=\"alignnone size-full wp-image-2346\" src=\"http:\/\/www.fifv.cl\/2015\/wp-content\/uploads\/2015\/10\/fotootg.jpg\" alt=\"fotootg\" width=\"732\" height=\"488\" srcset=\"https:\/\/www.fifv.cl\/2015\/wp-content\/uploads\/2015\/10\/fotootg.jpg 732w, https:\/\/www.fifv.cl\/2015\/wp-content\/uploads\/2015\/10\/fotootg-300x200.jpg 300w\" sizes=\"auto, (max-width: 732px) 100vw, 732px\" \/><\/a> <a href=\"http:\/\/www.fifv.cl\/2015\/wp-content\/uploads\/2015\/10\/fotovgg.jpg\"><img loading=\"lazy\" decoding=\"async\" class=\"alignnone size-full wp-image-2347\" src=\"http:\/\/www.fifv.cl\/2015\/wp-content\/uploads\/2015\/10\/fotovgg.jpg\" alt=\"fotovgg\" width=\"732\" height=\"488\" srcset=\"https:\/\/www.fifv.cl\/2015\/wp-content\/uploads\/2015\/10\/fotovgg.jpg 732w, https:\/\/www.fifv.cl\/2015\/wp-content\/uploads\/2015\/10\/fotovgg-300x200.jpg 300w\" sizes=\"auto, (max-width: 732px) 100vw, 732px\" \/><\/a><\/p>\n","protected":false},"excerpt":{"rendered":"<p>Comprende fotolibros que el FIFV recibi\u00f3 durante el a\u00f1o 2015 producto de una convocatoria Latinoamericana, incluyendo producciones del \u00faltimo tiempo y anteriores. El objetivo de esta muestra es conectar los [&hellip;]<\/p>\n","protected":false},"author":2,"featured_media":354,"comment_status":"closed","ping_status":"open","sticky":false,"template":"","format":"standard","meta":{"footnotes":""},"categories":[4],"tags":[],"class_list":["post-353","post","type-post","status-publish","format-standard","has-post-thumbnail","hentry","category-exposiciones"],"_links":{"self":[{"href":"https:\/\/www.fifv.cl\/2015\/wp-json\/wp\/v2\/posts\/353","targetHints":{"allow":["GET"]}}],"collection":[{"href":"https:\/\/www.fifv.cl\/2015\/wp-json\/wp\/v2\/posts"}],"about":[{"href":"https:\/\/www.fifv.cl\/2015\/wp-json\/wp\/v2\/types\/post"}],"author":[{"embeddable":true,"href":"https:\/\/www.fifv.cl\/2015\/wp-json\/wp\/v2\/users\/2"}],"replies":[{"embeddable":true,"href":"https:\/\/www.fifv.cl\/2015\/wp-json\/wp\/v2\/comments?post=353"}],"version-history":[{"count":23,"href":"https:\/\/www.fifv.cl\/2015\/wp-json\/wp\/v2\/posts\/353\/revisions"}],"predecessor-version":[{"id":2348,"href":"https:\/\/www.fifv.cl\/2015\/wp-json\/wp\/v2\/posts\/353\/revisions\/2348"}],"wp:featuredmedia":[{"embeddable":true,"href":"https:\/\/www.fifv.cl\/2015\/wp-json\/wp\/v2\/media\/354"}],"wp:attachment":[{"href":"https:\/\/www.fifv.cl\/2015\/wp-json\/wp\/v2\/media?parent=353"}],"wp:term":[{"taxonomy":"category","embeddable":true,"href":"https:\/\/www.fifv.cl\/2015\/wp-json\/wp\/v2\/categories?post=353"},{"taxonomy":"post_tag","embeddable":true,"href":"https:\/\/www.fifv.cl\/2015\/wp-json\/wp\/v2\/tags?post=353"}],"curies":[{"name":"wp","href":"https:\/\/api.w.org\/{rel}","templated":true}]}}