{"id":350,"date":"2015-10-20T10:10:49","date_gmt":"2015-10-20T13:10:49","guid":{"rendered":"http:\/\/www.fifv.cl\/2015-final\/?p=350"},"modified":"2015-12-08T17:25:45","modified_gmt":"2015-12-08T20:25:45","slug":"muestra-residencia-fifv-en-el-festival-frances-imagesingulieres-sete16-de-paula-lopez-tomas-quiroga-cristobal-olivares-nicolas-wormull","status":"publish","type":"post","link":"https:\/\/www.fifv.cl\/2015\/muestra-residencia-fifv-en-el-festival-frances-imagesingulieres-sete16-de-paula-lopez-tomas-quiroga-cristobal-olivares-nicolas-wormull\/","title":{"rendered":"Muestra Residencia FIFV en el Festival franc\u00e9s ImageSinguli\u00e8res \u2013 S\u00c8TE#16"},"content":{"rendered":"<p>Durante la edici\u00f3n 2015 del festival ImageSinguli\u00e8res en S\u00e8te (Francia), fueron invitados 4 autores chilenos a una residencia de 15 d\u00edas en dicha ciudad del Mediterr\u00e1neo. Esta muestra est\u00e1 compuesta por \u201cRep\u00fablica\u201d, serie de Nicol\u00e1s Wormull que retrata su vida en Chile tras el exilio; \u201cSur\u201d, proyecto de de Paula L\u00f3pez que relata la vida \u00edntima de su familia ; Crist\u00f3bal Olivares expone dos obras sobre la posici\u00f3n de la mujer chilena en \u201cA-mor: Historias de femicidio\u201d y \u00abEn el nombre de Karen\u00bb. Finalmente, Tom\u00e1s Quiroga exhibe \u00abAp\u00e1trida\u00bb, que aborda el sentido de pertenencia a una naci\u00f3n.<\/p>\n<div class=\"clearfix\"><\/div>\n<h2>Galer\u00eda de la Exposici\u00f3n<\/h2>\n<p><img loading=\"lazy\" decoding=\"async\" class=\"alignnone wp-image-2109 size-full\" src=\"http:\/\/www.fifv.cl\/2015\/wp-content\/uploads\/2015\/12\/Image-Singulieres-Sete-Olivares.jpg\" alt=\"Image Singulieres Sete - Olivares\" width=\"2272\" height=\"1515\" srcset=\"https:\/\/www.fifv.cl\/2015\/wp-content\/uploads\/2015\/12\/Image-Singulieres-Sete-Olivares.jpg 2272w, https:\/\/www.fifv.cl\/2015\/wp-content\/uploads\/2015\/12\/Image-Singulieres-Sete-Olivares-300x200.jpg 300w, https:\/\/www.fifv.cl\/2015\/wp-content\/uploads\/2015\/12\/Image-Singulieres-Sete-Olivares-1024x683.jpg 1024w, https:\/\/www.fifv.cl\/2015\/wp-content\/uploads\/2015\/12\/Image-Singulieres-Sete-Olivares-750x500.jpg 750w\" sizes=\"auto, (max-width: 2272px) 100vw, 2272px\" \/><\/p>\n<p><img loading=\"lazy\" decoding=\"async\" class=\"alignnone wp-image-2112 size-full\" src=\"http:\/\/www.fifv.cl\/2015\/wp-content\/uploads\/2015\/12\/Image-Singulieres-Sete-Quiroga.jpg\" alt=\"Image Singulieres Sete- Quiroga\" width=\"2272\" height=\"3412\" srcset=\"https:\/\/www.fifv.cl\/2015\/wp-content\/uploads\/2015\/12\/Image-Singulieres-Sete-Quiroga.jpg 2272w, https:\/\/www.fifv.cl\/2015\/wp-content\/uploads\/2015\/12\/Image-Singulieres-Sete-Quiroga-200x300.jpg 200w, https:\/\/www.fifv.cl\/2015\/wp-content\/uploads\/2015\/12\/Image-Singulieres-Sete-Quiroga-682x1024.jpg 682w, https:\/\/www.fifv.cl\/2015\/wp-content\/uploads\/2015\/12\/Image-Singulieres-Sete-Quiroga-750x1126.jpg 750w\" sizes=\"auto, (max-width: 2272px) 100vw, 2272px\" \/><\/p>\n<p><img loading=\"lazy\" decoding=\"async\" class=\"alignnone wp-image-2111 size-full\" src=\"http:\/\/www.fifv.cl\/2015\/wp-content\/uploads\/2015\/12\/Image-Singulieres-Sete-Lopez.jpg\" alt=\"Image Singulieres Sete- Lopez\" width=\"2272\" height=\"3408\" srcset=\"https:\/\/www.fifv.cl\/2015\/wp-content\/uploads\/2015\/12\/Image-Singulieres-Sete-Lopez.jpg 2272w, https:\/\/www.fifv.cl\/2015\/wp-content\/uploads\/2015\/12\/Image-Singulieres-Sete-Lopez-200x300.jpg 200w, https:\/\/www.fifv.cl\/2015\/wp-content\/uploads\/2015\/12\/Image-Singulieres-Sete-Lopez-683x1024.jpg 683w, https:\/\/www.fifv.cl\/2015\/wp-content\/uploads\/2015\/12\/Image-Singulieres-Sete-Lopez-750x1125.jpg 750w\" sizes=\"auto, (max-width: 2272px) 100vw, 2272px\" \/><\/p>\n<p><img loading=\"lazy\" decoding=\"async\" class=\"alignnone wp-image-2110 size-full\" src=\"http:\/\/www.fifv.cl\/2015\/wp-content\/uploads\/2015\/12\/Image-Singulieres-Sete-Wormull.jpg\" alt=\"Image Singulieres Sete - Wormull\" width=\"2272\" height=\"3408\" srcset=\"https:\/\/www.fifv.cl\/2015\/wp-content\/uploads\/2015\/12\/Image-Singulieres-Sete-Wormull.jpg 2272w, https:\/\/www.fifv.cl\/2015\/wp-content\/uploads\/2015\/12\/Image-Singulieres-Sete-Wormull-200x300.jpg 200w, https:\/\/www.fifv.cl\/2015\/wp-content\/uploads\/2015\/12\/Image-Singulieres-Sete-Wormull-683x1024.jpg 683w, https:\/\/www.fifv.cl\/2015\/wp-content\/uploads\/2015\/12\/Image-Singulieres-Sete-Wormull-750x1125.jpg 750w\" sizes=\"auto, (max-width: 2272px) 100vw, 2272px\" \/><\/p>\n","protected":false},"excerpt":{"rendered":"<p>Durante la edici\u00f3n 2015 del festival ImageSinguli\u00e8res en S\u00e8te (Francia), fueron invitados 4 autores chilenos a una residencia de 15 d\u00edas en dicha ciudad del Mediterr\u00e1neo. Esta muestra est\u00e1 compuesta [&hellip;]<\/p>\n","protected":false},"author":2,"featured_media":351,"comment_status":"closed","ping_status":"open","sticky":false,"template":"","format":"standard","meta":{"footnotes":""},"categories":[4],"tags":[],"class_list":["post-350","post","type-post","status-publish","format-standard","has-post-thumbnail","hentry","category-exposiciones"],"_links":{"self":[{"href":"https:\/\/www.fifv.cl\/2015\/wp-json\/wp\/v2\/posts\/350","targetHints":{"allow":["GET"]}}],"collection":[{"href":"https:\/\/www.fifv.cl\/2015\/wp-json\/wp\/v2\/posts"}],"about":[{"href":"https:\/\/www.fifv.cl\/2015\/wp-json\/wp\/v2\/types\/post"}],"author":[{"embeddable":true,"href":"https:\/\/www.fifv.cl\/2015\/wp-json\/wp\/v2\/users\/2"}],"replies":[{"embeddable":true,"href":"https:\/\/www.fifv.cl\/2015\/wp-json\/wp\/v2\/comments?post=350"}],"version-history":[{"count":16,"href":"https:\/\/www.fifv.cl\/2015\/wp-json\/wp\/v2\/posts\/350\/revisions"}],"predecessor-version":[{"id":2243,"href":"https:\/\/www.fifv.cl\/2015\/wp-json\/wp\/v2\/posts\/350\/revisions\/2243"}],"wp:featuredmedia":[{"embeddable":true,"href":"https:\/\/www.fifv.cl\/2015\/wp-json\/wp\/v2\/media\/351"}],"wp:attachment":[{"href":"https:\/\/www.fifv.cl\/2015\/wp-json\/wp\/v2\/media?parent=350"}],"wp:term":[{"taxonomy":"category","embeddable":true,"href":"https:\/\/www.fifv.cl\/2015\/wp-json\/wp\/v2\/categories?post=350"},{"taxonomy":"post_tag","embeddable":true,"href":"https:\/\/www.fifv.cl\/2015\/wp-json\/wp\/v2\/tags?post=350"}],"curies":[{"name":"wp","href":"https:\/\/api.w.org\/{rel}","templated":true}]}}