{"id":317,"date":"2015-10-22T00:00:38","date_gmt":"2015-10-22T03:00:38","guid":{"rendered":"http:\/\/www.fifv.cl\/2015-final\/?p=317"},"modified":"2015-10-29T17:39:57","modified_gmt":"2015-10-29T20:39:57","slug":"alberto-garcia-alix","status":"publish","type":"post","link":"https:\/\/www.fifv.cl\/2015\/alberto-garcia-alix\/","title":{"rendered":"Alberto Garc\u00eda-Alix"},"content":{"rendered":"<p>Nacido en 1956 en la ciudad de Le\u00f3n, este fot\u00f3grafo fue clave al momento de documentar el movimiento cultural \u201cla movida madrile\u00f1a\u201d, del cual formaba parte. Autodidacta y fiel al formato an\u00e1logo, comenz\u00f3 fotografiando su propio mundo: motocicletas, crudos retratos, cuerpos tatuados en blanco y negro que inmortaliza con sus c\u00e1maras Leica y Hasselblad. Su obra se caracteriza por ser autobiogr\u00e1fica, de planos frontales muy directo, donde se siente una \u00edntima complicidad con los personajes que retrata.<\/p>\n<p>Su trabajo ha sido reconocido por diversos premios nacionales e internacionales: Premio Nacional de Fotograf\u00eda (1999), Premio de Fotograf\u00eda de la Comunidad de Madrid (2004), Premio PHotoEspa\u00f1a (2012), y m\u00e1s recientemente como Finalista del Premio Deutsche B\u00f6rse 2014.<\/p>\n<p>El mes de agosto, visit\u00f3 Valpara\u00edso en el marco de su residencia en el FIFV. En la ocasi\u00f3n, el espa\u00f1ol dict\u00f3 un workshop a 8 fot\u00f3grafos chilenos y argentinos, dio una charla y present\u00f3 su pel\u00edcula \u201cDe donde no se vuelve\u201d en el Parque Cultural de Valpara\u00edso y retrat\u00f3 a los reos de la c\u00e1rcel de la ciudad. Las im\u00e1genes in\u00e9ditas que tom\u00f3 en nuestro puerto ser\u00e1n la exposici\u00f3n inaugural del festival este a\u00f1o.<\/p>\n","protected":false},"excerpt":{"rendered":"<p>Nacido en 1956 en la ciudad de Le\u00f3n, este fot\u00f3grafo fue clave al momento de documentar el movimiento cultural \u201cla movida madrile\u00f1a\u201d, del cual formaba parte. Autodidacta y fiel al [&hellip;]<\/p>\n","protected":false},"author":2,"featured_media":320,"comment_status":"closed","ping_status":"open","sticky":false,"template":"","format":"standard","meta":{"footnotes":""},"categories":[8],"tags":[],"class_list":["post-317","post","type-post","status-publish","format-standard","has-post-thumbnail","hentry","category-invitados"],"_links":{"self":[{"href":"https:\/\/www.fifv.cl\/2015\/wp-json\/wp\/v2\/posts\/317","targetHints":{"allow":["GET"]}}],"collection":[{"href":"https:\/\/www.fifv.cl\/2015\/wp-json\/wp\/v2\/posts"}],"about":[{"href":"https:\/\/www.fifv.cl\/2015\/wp-json\/wp\/v2\/types\/post"}],"author":[{"embeddable":true,"href":"https:\/\/www.fifv.cl\/2015\/wp-json\/wp\/v2\/users\/2"}],"replies":[{"embeddable":true,"href":"https:\/\/www.fifv.cl\/2015\/wp-json\/wp\/v2\/comments?post=317"}],"version-history":[{"count":1,"href":"https:\/\/www.fifv.cl\/2015\/wp-json\/wp\/v2\/posts\/317\/revisions"}],"predecessor-version":[{"id":319,"href":"https:\/\/www.fifv.cl\/2015\/wp-json\/wp\/v2\/posts\/317\/revisions\/319"}],"wp:featuredmedia":[{"embeddable":true,"href":"https:\/\/www.fifv.cl\/2015\/wp-json\/wp\/v2\/media\/320"}],"wp:attachment":[{"href":"https:\/\/www.fifv.cl\/2015\/wp-json\/wp\/v2\/media?parent=317"}],"wp:term":[{"taxonomy":"category","embeddable":true,"href":"https:\/\/www.fifv.cl\/2015\/wp-json\/wp\/v2\/categories?post=317"},{"taxonomy":"post_tag","embeddable":true,"href":"https:\/\/www.fifv.cl\/2015\/wp-json\/wp\/v2\/tags?post=317"}],"curies":[{"name":"wp","href":"https:\/\/api.w.org\/{rel}","templated":true}]}}