{"id":259,"date":"2015-10-20T01:41:09","date_gmt":"2015-10-20T04:41:09","guid":{"rendered":"http:\/\/www.fifv.cl\/2015-final\/?p=259"},"modified":"2015-10-27T16:56:17","modified_gmt":"2015-10-27T19:56:17","slug":"sabado-31-de-octubre","status":"publish","type":"post","link":"https:\/\/www.fifv.cl\/2015\/sabado-31-de-octubre\/","title":{"rendered":"S\u00c1BADO 31 DE OCTUBRE"},"content":{"rendered":"<p>Lugar:\u00a0<strong>PARQUE CULTURAL DE VALPARA\u00cdSO <\/strong><\/p>\n<p><strong>12.00 \u2013 APERTURA DEL FIFV<\/strong> \/ Inauguraci\u00f3n de las exposiciones 2015.<\/p>\n<p><strong>RESIDENCIA EN VALPARA\u00cdSO DE ALBERTO GARCIA ALIX <\/strong><strong>(Espa\u00f1a).\u2028<\/strong><\/p>\n<p>Este destacado artista fue invitado por el FIFV a desarrollar un proceso de creaci\u00f3n en Valpara\u00edso durante el mes de Agosto 2015. Esta modalidad de residencias viene a nutrir un ejercicio que el FIFV ha venido desarrollando con autores relevantes de la escena fotogr\u00e1fica mundial, con el objetivo de generar un archivo contempor\u00e1neo de la ciudad.<\/p>\n<p><strong>MUESTRA DE FOTOLIBROS LATINOAMERICANOS. <\/strong><\/p>\n<p>Comprende libros que el FIFV recibi\u00f3 durante el a\u00f1o 2015 producto de una convocatoria Latinoamericana, incluyendo producciones del \u00faltimo tiempo y anteriores.<\/p>\n<p><strong>RESIDENCIA FIFV EN EL FESTIVAL FRANC\u00c9S IMAGESINGULI\u00c8RES &#8211; S\u00c8TE#16.<\/strong><\/p>\n<p>de Paula L\u00f3pez \u2013 Tom\u00e1s Quiroga \u2013 Crist\u00f3bal Olivares \u2013 Nicol\u00e1s Wormull.\u2028Durante la edici\u00f3n 2015 del festival ImageSingulieres en S\u00e8te (Francia), fueron invitados 4 autores chilenos a una residencia de 15 d\u00edas en dicha ciudad del Mediterr\u00e1neo. Esta muestra es el resultado de ese ejercicio.<\/p>\n<p><strong>AFICHES NO PUBLICADOS FIFV 2010-2015.<\/strong><\/p>\n<p>En esta exhibici\u00f3n se presenta el proceso de creaci\u00f3n gr\u00e1fica de los afiches no publicados de las seis versiones del FIFV dise\u00f1ados por Dante Mellado (Chile).<\/p>\n<p>Lugar:\u00a0<strong>DINAMARCA 399 <\/strong><\/p>\n<p><strong>19.00 \u2013 CONTACTO SKYPE CON FERNANDO ACE\u00d1A<\/strong> (Espa\u00f1a) y su Museo Interactivo de la Luz.<\/p>\n<p><strong>19.30 \u2013 <\/strong><strong>DJ BOOK<\/strong> con Mauricio Toro Goya (Chile).<\/p>\n<p><strong>20.00 \u2013 <\/strong><strong>LANZAMIENTO LIBRO \u201cMILAGREROS\u201d <\/strong>de Mauricio Toro Goya (Chile).<\/p>\n<p><strong>20.30 \u2013 <\/strong><strong>DI\u00c1LOGO CON DANIEL SOSA<\/strong>, director del Centro de Fotograf\u00eda de Montevideo (Uruguay).<\/p>\n<p><strong>21.30 \u2013 <\/strong><strong>INAUGURACI\u00d3N DE LA EXPOSICI\u00d3N QUE PRESENTA EL LIBRO \u201cESTADA\u201d.<\/strong><\/p>\n<p>de Ricardo Ant\u00fanez &#8211; Gerardo Dell\u2019Oro &#8211; Mathias Escotto Gadea &#8211; Diego Fern\u00e1ndez &#8211; Adri\u00e1 Lucas &#8211; Viktoria Mom &#8211; Sergio Padilla &#8211; Mara Remondegui.\u2028<em>Workshop de 7 d\u00edas realizado por FIFV Ediciones en Montevideo en el marco del encuentro de fotolibros ENCMYK, donde 8 autores desarrollaron obra y la edici\u00f3n de un fotolibro colectivo. <\/em><\/p>\n<p>&nbsp;<\/p>\n","protected":false},"excerpt":{"rendered":"<p>Lugar:\u00a0PARQUE CULTURAL DE VALPARA\u00cdSO 12.00 \u2013 APERTURA DEL FIFV \/ Inauguraci\u00f3n de las exposiciones 2015. RESIDENCIA EN VALPARA\u00cdSO DE ALBERTO GARCIA ALIX (Espa\u00f1a).\u2028 Este destacado artista fue invitado por el [&hellip;]<\/p>\n","protected":false},"author":2,"featured_media":0,"comment_status":"closed","ping_status":"open","sticky":false,"template":"","format":"standard","meta":{"footnotes":""},"categories":[11],"tags":[],"class_list":["post-259","post","type-post","status-publish","format-standard","hentry","category-programa"],"_links":{"self":[{"href":"https:\/\/www.fifv.cl\/2015\/wp-json\/wp\/v2\/posts\/259","targetHints":{"allow":["GET"]}}],"collection":[{"href":"https:\/\/www.fifv.cl\/2015\/wp-json\/wp\/v2\/posts"}],"about":[{"href":"https:\/\/www.fifv.cl\/2015\/wp-json\/wp\/v2\/types\/post"}],"author":[{"embeddable":true,"href":"https:\/\/www.fifv.cl\/2015\/wp-json\/wp\/v2\/users\/2"}],"replies":[{"embeddable":true,"href":"https:\/\/www.fifv.cl\/2015\/wp-json\/wp\/v2\/comments?post=259"}],"version-history":[{"count":3,"href":"https:\/\/www.fifv.cl\/2015\/wp-json\/wp\/v2\/posts\/259\/revisions"}],"predecessor-version":[{"id":269,"href":"https:\/\/www.fifv.cl\/2015\/wp-json\/wp\/v2\/posts\/259\/revisions\/269"}],"wp:attachment":[{"href":"https:\/\/www.fifv.cl\/2015\/wp-json\/wp\/v2\/media?parent=259"}],"wp:term":[{"taxonomy":"category","embeddable":true,"href":"https:\/\/www.fifv.cl\/2015\/wp-json\/wp\/v2\/categories?post=259"},{"taxonomy":"post_tag","embeddable":true,"href":"https:\/\/www.fifv.cl\/2015\/wp-json\/wp\/v2\/tags?post=259"}],"curies":[{"name":"wp","href":"https:\/\/api.w.org\/{rel}","templated":true}]}}