{"id":257,"date":"2015-10-20T01:33:21","date_gmt":"2015-10-20T04:33:21","guid":{"rendered":"http:\/\/www.fifv.cl\/2015-final\/?p=257"},"modified":"2015-10-27T16:56:17","modified_gmt":"2015-10-27T19:56:17","slug":"domingo-1-de-noviembre","status":"publish","type":"post","link":"https:\/\/www.fifv.cl\/2015\/domingo-1-de-noviembre\/","title":{"rendered":"DOMINGO 1 DE NOVIEMBRE"},"content":{"rendered":"<p>Lugar:\u00a0<strong>PARQUE CULTURAL DE VALPARA\u00cdSO <\/strong><\/p>\n<p><strong>11.00 \u2013 12.30 \u2013 VISITA GUIADA DE LAS EXPOSICIONES. <\/strong><\/p>\n<p>Residencia en Valpara\u00edso de Alberto Garc\u00eda Alix \/ Residencia FIFV en ImageSinguli\u00e8res (S\u00e8te, Francia) \/ Muestra de Fotolibros Latinoamericanos \/ Afiches FIFV 2010-2015 \/ Laboratorio Editorial FIFV.<\/p>\n<p>Lugar:\u00a0<strong>EL INTERNADO<\/strong><\/p>\n<p><strong>19.30 \u2013 <\/strong><strong>DJ BOOK<\/strong> con Miguel Angel Felipe (Chile).<\/p>\n<p><strong>20.00 \u2013 <\/strong><strong>LANZAMIENTO LIBRO \u201cRAIN\u201d DE MANU CASTILLO <\/strong><strong>(Chile)<\/strong><em>, <\/em>de la Colecci\u00f3n El Rect\u00e1ngulo de Ediciones La Visita.<\/p>\n<p><strong>20.30 \u2013 <\/strong><strong>INAUGURACI\u00d3N EXPOSICI\u00d3N \u201cARCHIVO Y OLVIDO\u201d DE TOM\u00c1S ELIZALDE <\/strong><strong>(Chile). <\/strong>Serie de fotograf\u00edas y objetos encontrados en una casa del Cerro C\u00e1rcel en el a\u00f1o 2015.<\/p>\n","protected":false},"excerpt":{"rendered":"<p>Lugar:\u00a0PARQUE CULTURAL DE VALPARA\u00cdSO 11.00 \u2013 12.30 \u2013 VISITA GUIADA DE LAS EXPOSICIONES. Residencia en Valpara\u00edso de Alberto Garc\u00eda Alix \/ Residencia FIFV en ImageSinguli\u00e8res (S\u00e8te, Francia) \/ Muestra de [&hellip;]<\/p>\n","protected":false},"author":2,"featured_media":0,"comment_status":"closed","ping_status":"open","sticky":false,"template":"","format":"standard","meta":{"footnotes":""},"categories":[11],"tags":[],"class_list":["post-257","post","type-post","status-publish","format-standard","hentry","category-programa"],"_links":{"self":[{"href":"https:\/\/www.fifv.cl\/2015\/wp-json\/wp\/v2\/posts\/257","targetHints":{"allow":["GET"]}}],"collection":[{"href":"https:\/\/www.fifv.cl\/2015\/wp-json\/wp\/v2\/posts"}],"about":[{"href":"https:\/\/www.fifv.cl\/2015\/wp-json\/wp\/v2\/types\/post"}],"author":[{"embeddable":true,"href":"https:\/\/www.fifv.cl\/2015\/wp-json\/wp\/v2\/users\/2"}],"replies":[{"embeddable":true,"href":"https:\/\/www.fifv.cl\/2015\/wp-json\/wp\/v2\/comments?post=257"}],"version-history":[{"count":2,"href":"https:\/\/www.fifv.cl\/2015\/wp-json\/wp\/v2\/posts\/257\/revisions"}],"predecessor-version":[{"id":262,"href":"https:\/\/www.fifv.cl\/2015\/wp-json\/wp\/v2\/posts\/257\/revisions\/262"}],"wp:attachment":[{"href":"https:\/\/www.fifv.cl\/2015\/wp-json\/wp\/v2\/media?parent=257"}],"wp:term":[{"taxonomy":"category","embeddable":true,"href":"https:\/\/www.fifv.cl\/2015\/wp-json\/wp\/v2\/categories?post=257"},{"taxonomy":"post_tag","embeddable":true,"href":"https:\/\/www.fifv.cl\/2015\/wp-json\/wp\/v2\/tags?post=257"}],"curies":[{"name":"wp","href":"https:\/\/api.w.org\/{rel}","templated":true}]}}