{"id":239,"date":"2015-10-19T23:52:56","date_gmt":"2015-10-20T02:52:56","guid":{"rendered":"http:\/\/www.fifv.cl\/2015-final\/?p=239"},"modified":"2015-10-27T16:56:40","modified_gmt":"2015-10-27T19:56:40","slug":"viernes-6-de-noviembre","status":"publish","type":"post","link":"https:\/\/www.fifv.cl\/2015\/viernes-6-de-noviembre\/","title":{"rendered":"VIERNES 6 DE NOVIEMBRE"},"content":{"rendered":"<p>Lugar:\u00a0<strong>PARQUE CULTURAL DE VALPARA\u00cdSO<\/strong><\/p>\n<p><strong>11.00 &#8211; 12.30 \u2013 <\/strong><strong>VISITA GUIADA DE LAS EXPOSICIONES. <\/strong><\/p>\n<p>Residencia en Valpara\u00edso de Alberto Garc\u00eda Alix \/ Residencia FIFV en ImageSinguli\u00e8res (S\u00e8te, Francia) \/ Muestra de Fotolibros Latinoamericanos \/ Afiches FIFV 2010-2015 \/ Laboratorio Editorial FIFV.<\/p>\n<p>Lugar:\u00a0<strong>CASA ESPACIO BUENOS AIRES 824 <\/strong><\/p>\n<p><strong>18.00 \u2013 <\/strong><strong>INAUGURACI\u00d3N BIBLIOTECA FOTOGR\u00c1FICA FIFV.<\/strong><\/p>\n<p><strong>18.30 \u2013 LANZAMIENTO LIBRO \u201cA-MOR\u201d<\/strong> de Crist\u00f3bal Olivares (Chile).<\/p>\n<p><strong>19.00 \u2013 <\/strong><strong>LANZAMIENTO LIBRO \u201cVALPARA\u00cdSO\u201d <\/strong>de Anders Petersen.<\/p>\n<p>Lugar:\u00a0<strong>EL INTERNADO <\/strong><\/p>\n<p><strong>22.00 \u2013 <\/strong><strong>PROYECCI\u00d3N DE FOTOGRAF\u00cdA CHILENA EXHIBIDA EN IMAGESINGULI\u00c8RES 2015<\/strong><em>. <\/em>Con fotograf\u00edas de Zaida Gonz\u00e1lez, Luis Weinstein, Tom\u00e1s Munita, Andr\u00e9s Figueroa, Claudio P\u00e9rez, H\u00e9ctor L\u00f3pez, Juan Carlos C\u00e1ceres, Alejandro Olivares, Mauricio Toro Goya, Fabi\u00e1n Espa\u00f1a, Demian Schopf, Juvenal Barr\u00eda, Rosario Montero, Cristi\u00e1n Kirby. <em>Presenta Gilles Favier, Director del Festival ImageSingulier\u00e8s <\/em><\/p>\n<p><strong>23.00 \u2013 <\/strong><strong>DJ SIN PASAPORTE <\/strong><strong>(Chile). <\/strong><\/p>\n","protected":false},"excerpt":{"rendered":"<p>Lugar:\u00a0PARQUE CULTURAL DE VALPARA\u00cdSO 11.00 &#8211; 12.30 \u2013 VISITA GUIADA DE LAS EXPOSICIONES. Residencia en Valpara\u00edso de Alberto Garc\u00eda Alix \/ Residencia FIFV en ImageSinguli\u00e8res (S\u00e8te, Francia) \/ Muestra de [&hellip;]<\/p>\n","protected":false},"author":2,"featured_media":0,"comment_status":"closed","ping_status":"open","sticky":false,"template":"","format":"standard","meta":{"footnotes":""},"categories":[11],"tags":[],"class_list":["post-239","post","type-post","status-publish","format-standard","hentry","category-programa"],"_links":{"self":[{"href":"https:\/\/www.fifv.cl\/2015\/wp-json\/wp\/v2\/posts\/239","targetHints":{"allow":["GET"]}}],"collection":[{"href":"https:\/\/www.fifv.cl\/2015\/wp-json\/wp\/v2\/posts"}],"about":[{"href":"https:\/\/www.fifv.cl\/2015\/wp-json\/wp\/v2\/types\/post"}],"author":[{"embeddable":true,"href":"https:\/\/www.fifv.cl\/2015\/wp-json\/wp\/v2\/users\/2"}],"replies":[{"embeddable":true,"href":"https:\/\/www.fifv.cl\/2015\/wp-json\/wp\/v2\/comments?post=239"}],"version-history":[{"count":2,"href":"https:\/\/www.fifv.cl\/2015\/wp-json\/wp\/v2\/posts\/239\/revisions"}],"predecessor-version":[{"id":267,"href":"https:\/\/www.fifv.cl\/2015\/wp-json\/wp\/v2\/posts\/239\/revisions\/267"}],"wp:attachment":[{"href":"https:\/\/www.fifv.cl\/2015\/wp-json\/wp\/v2\/media?parent=239"}],"wp:term":[{"taxonomy":"category","embeddable":true,"href":"https:\/\/www.fifv.cl\/2015\/wp-json\/wp\/v2\/categories?post=239"},{"taxonomy":"post_tag","embeddable":true,"href":"https:\/\/www.fifv.cl\/2015\/wp-json\/wp\/v2\/tags?post=239"}],"curies":[{"name":"wp","href":"https:\/\/api.w.org\/{rel}","templated":true}]}}