{"id":2103,"date":"2015-11-23T16:37:03","date_gmt":"2015-11-23T19:37:03","guid":{"rendered":"http:\/\/www.fifv.cl\/2015\/?p=2103"},"modified":"2015-12-02T12:06:43","modified_gmt":"2015-12-02T15:06:43","slug":"nicolas-wormull-lanza-su-fotolibro-stay","status":"publish","type":"post","link":"https:\/\/www.fifv.cl\/2015\/nicolas-wormull-lanza-su-fotolibro-stay\/","title":{"rendered":"Nicol\u00e1s Wormull lanza su fotolibro \u00abStay\u00bb"},"content":{"rendered":"<p style=\"text-align: justify;\">Este jueves 26 de noviembre es el lanzamiento oficial en Chile del fotolibro \u201cStay\u201d de Nicol\u00e1s Wormull. En la ocasi\u00f3n, el libro ser\u00e1 presentado por el director de Ediciones La Visita, Miguel \u00c1ngel Felipe.<br \/>\nEste trabajo fue publicado por FIFV Ediciones Chile y Andr\u00e9 Fr\u00e8re \u00c9ditions en Francia el mes de mayo y fue seleccionado para la muestra de fotolibros en el Festival de Arles 2015. Ahora, el p\u00fablico chileno tendr\u00e1 la oportunidad de conocer este destacado fotolibro.<\/p>\n<p style=\"text-align: justify;\">\u201cStay\u201d es un di\u00e1logo fotogr\u00e1fico entre Chile y Suecia, pa\u00edses donde Wormull residi\u00f3 durante su vida. Este fotolibro se gest\u00f3 a lo largo de dos a\u00f1os y se compone de fotograf\u00edas de amigos, familiares y tambi\u00e9n desconocidos. \u201cEste libro es un viaje sin pasado ni futuro. Es una mirada del ahora, del presente, de lo que pasa frente a mis ojos cada d\u00eda. Y de lo dif\u00edcil que es pausar, apagar, detener el ruido constante, consciente, subconsciente, de pensamientos, de impulsos, de obligaciones imaginarias y reales. Refleja un intento de permanecer, de congelar el presente, pero tambi\u00e9n del consuelo y la fortaleza que significa lograr detenerse y quedarse ah\u00ed. Parece que no hay un orden narrativo en este relato, que es un caos. Pero tiene un hilo conductor, adem\u00e1s de lecturas inmediatas y posteriores. Es un libro honesto\u201d, describe su autor.<\/p>\n<p>Adem\u00e1s del lanzamiento, esta instancia pretende ser un espacio de conversaci\u00f3n en torno al fotolibro como objeto cultural. \u201cUna cata de fotolibros, apreciando sus detalles\u201d, explica Miguel \u00c1ngel Felipe sobre el lanzamiento que va a presentar. \u201cMe parece que \u2018Stay\u2019 expresa el lenguaje de Nicol\u00e1s: mezcla crudeza con cercan\u00eda e intimidad latina. Voy a explorar los cruces biogr\u00e1ficos del autor en un formato de entrevista\u201d. Al finalizar la actividad, Nicol\u00e1s Wormull firmar\u00e1 libros a los interesados.<\/p>\n<p>\u201cStay\u201d se presentar\u00e1 el d\u00eda jueves 26 de noviembre a las 19: 30 en Ekho Gallery (Merced 349, Santiago). Entrada liberada.<\/p>\n","protected":false},"excerpt":{"rendered":"<p>Este jueves 26 de noviembre es el lanzamiento oficial en Chile del fotolibro \u201cStay\u201d de Nicol\u00e1s Wormull. En la ocasi\u00f3n, el libro ser\u00e1 presentado por el director de Ediciones La [&hellip;]<\/p>\n","protected":false},"author":2,"featured_media":2105,"comment_status":"closed","ping_status":"open","sticky":false,"template":"","format":"standard","meta":{"footnotes":""},"categories":[10],"tags":[],"class_list":["post-2103","post","type-post","status-publish","format-standard","has-post-thumbnail","hentry","category-noticias"],"_links":{"self":[{"href":"https:\/\/www.fifv.cl\/2015\/wp-json\/wp\/v2\/posts\/2103","targetHints":{"allow":["GET"]}}],"collection":[{"href":"https:\/\/www.fifv.cl\/2015\/wp-json\/wp\/v2\/posts"}],"about":[{"href":"https:\/\/www.fifv.cl\/2015\/wp-json\/wp\/v2\/types\/post"}],"author":[{"embeddable":true,"href":"https:\/\/www.fifv.cl\/2015\/wp-json\/wp\/v2\/users\/2"}],"replies":[{"embeddable":true,"href":"https:\/\/www.fifv.cl\/2015\/wp-json\/wp\/v2\/comments?post=2103"}],"version-history":[{"count":2,"href":"https:\/\/www.fifv.cl\/2015\/wp-json\/wp\/v2\/posts\/2103\/revisions"}],"predecessor-version":[{"id":2137,"href":"https:\/\/www.fifv.cl\/2015\/wp-json\/wp\/v2\/posts\/2103\/revisions\/2137"}],"wp:featuredmedia":[{"embeddable":true,"href":"https:\/\/www.fifv.cl\/2015\/wp-json\/wp\/v2\/media\/2105"}],"wp:attachment":[{"href":"https:\/\/www.fifv.cl\/2015\/wp-json\/wp\/v2\/media?parent=2103"}],"wp:term":[{"taxonomy":"category","embeddable":true,"href":"https:\/\/www.fifv.cl\/2015\/wp-json\/wp\/v2\/categories?post=2103"},{"taxonomy":"post_tag","embeddable":true,"href":"https:\/\/www.fifv.cl\/2015\/wp-json\/wp\/v2\/tags?post=2103"}],"curies":[{"name":"wp","href":"https:\/\/api.w.org\/{rel}","templated":true}]}}