{"id":2020,"date":"2015-11-11T16:36:53","date_gmt":"2015-11-11T19:36:53","guid":{"rendered":"http:\/\/www.fifv.cl\/2015\/?p=2020"},"modified":"2015-12-02T12:06:55","modified_gmt":"2015-12-02T15:06:55","slug":"inscribete-en-las-mediaciones-fifv-tres-recorridos-para-aprender","status":"publish","type":"post","link":"https:\/\/www.fifv.cl\/2015\/inscribete-en-las-mediaciones-fifv-tres-recorridos-para-aprender\/","title":{"rendered":"Inscr\u00edbete en las Mediaciones FIFV: tres recorridos para aprender"},"content":{"rendered":"<p style=\"text-align: justify;\">Uno de los ejes centrales del FIFV son sus exposiciones gratuitas, que cuentan con una producci\u00f3n y montaje de nivel internacional. Este a\u00f1o se quiso ir m\u00e1s all\u00e1 y ofrecer visitas guiadas, un sistema de mediaci\u00f3n para que los asistentes conozcan donde nacen los procesos y c\u00f3mo se articulan las im\u00e1genes unas con otras. Hasta el 29 de noviembre estar\u00e1 la posibilidad de asistir a las mediaciones, que cuentan con tres recorridos por la ciudad.<\/p>\n<p style=\"text-align: justify;\">\u00a0El recorrido \u201cPlan\u201d parte en la Biblioteca FIFV (Calle Buenos Aires 824), pasa por la muestra al aire libre \u201cResidencia en los Cerros\u201d\u00a0 de la Plaza Victoria, sigue en Casa Plan (Av. Brasil 1490) con las exposiciones de los workshops de Claudine Doury y Paolo Verzone y termina en Sala Punt\u00e1ngeles con la \u00a0exposici\u00f3n \u00abMaPa, Marcas en el Paisaje\u00bb de Nicol\u00e1s S\u00e1ez.<\/p>\n<p style=\"text-align: justify;\">El recorrido \u201cCerro Alegre\u201d parte con una visita al mural hecho por alumnos de educaci\u00f3n b\u00e1sica en Balmaceda Arte Joven (Santa Isabel 739) y termina en El Internado (Pasaje Dimalow 167) donde se encuentra la exposici\u00f3n del workshop de Juan Manuel Castro Prieto. Por \u00faltimo, el recorrido \u201cCerro C\u00e1rcel\u201d inicia el Parque Cultural de Valpara\u00edso con la exposici\u00f3n de Alberto Garc\u00eda-Alix, la muestra de fotolibros latinoamericanos y las fotograf\u00edas tomadas para el Festival de Sete; para terminar en Dinamarca 399 donde aprender\u00e1n los pormenores de la publicaci\u00f3n del libro \u201cEstada\u201d.<\/p>\n<p style=\"text-align: justify;\">Anamar\u00eda Briede, una de las gu\u00edas, coment\u00f3 que el objetivo de las mediaciones es \u201caproximar al p\u00fablico la din\u00e1mica del festival, ense\u00f1ar la organizaci\u00f3n interna, las residencias en cerros, el archivo fotogr\u00e1fico que estamos armando, la escuela de fotograf\u00eda en que se ha convertido el FIFV. Que la gente sepa las redes internacionales que hemos armado, como la triangulaci\u00f3n entre ciudades de Montevideo-Sete- Valpara\u00edso ocurrida este a\u00f1o. Les explicamos todo el trasfondo de esta puesta en escena\u201d.<\/p>\n<p style=\"text-align: justify;\">El perfil del asistente a las mediaciones es variado, desde individuos interesados en la fotograf\u00eda hasta grupos de alumnos de ense\u00f1anza media y universitaria. \u201cLo ideal es que no solo vengan alumnos humanistas sino de carreras matem\u00e1ticas, cient\u00edficas, para abrir el conocimiento a otras disciplinas\u201d recalc\u00f3 Briede.<\/p>\n<p style=\"text-align: justify;\">Los interesados pueden elegir m\u00e1s de un recorrido al cual asistir, previa inscripci\u00f3n. Los cupos de la ma\u00f1ana se deben agendar con Anamaria Briede al correo <a href=\"mailto:anamariabriede@gmail.com\">anamariabriede@gmail.com<\/a> y durante la tarde con Soledad Montero al correo solmontero@gmail.com.<\/p>\n<p style=\"text-align: justify;\">\n","protected":false},"excerpt":{"rendered":"<p>Uno de los ejes centrales del FIFV son sus exposiciones gratuitas, que cuentan con una producci\u00f3n y montaje de nivel internacional. Este a\u00f1o se quiso ir m\u00e1s all\u00e1 y ofrecer [&hellip;]<\/p>\n","protected":false},"author":2,"featured_media":1553,"comment_status":"closed","ping_status":"open","sticky":false,"template":"","format":"standard","meta":{"footnotes":""},"categories":[10],"tags":[],"class_list":["post-2020","post","type-post","status-publish","format-standard","has-post-thumbnail","hentry","category-noticias"],"_links":{"self":[{"href":"https:\/\/www.fifv.cl\/2015\/wp-json\/wp\/v2\/posts\/2020","targetHints":{"allow":["GET"]}}],"collection":[{"href":"https:\/\/www.fifv.cl\/2015\/wp-json\/wp\/v2\/posts"}],"about":[{"href":"https:\/\/www.fifv.cl\/2015\/wp-json\/wp\/v2\/types\/post"}],"author":[{"embeddable":true,"href":"https:\/\/www.fifv.cl\/2015\/wp-json\/wp\/v2\/users\/2"}],"replies":[{"embeddable":true,"href":"https:\/\/www.fifv.cl\/2015\/wp-json\/wp\/v2\/comments?post=2020"}],"version-history":[{"count":1,"href":"https:\/\/www.fifv.cl\/2015\/wp-json\/wp\/v2\/posts\/2020\/revisions"}],"predecessor-version":[{"id":2021,"href":"https:\/\/www.fifv.cl\/2015\/wp-json\/wp\/v2\/posts\/2020\/revisions\/2021"}],"wp:featuredmedia":[{"embeddable":true,"href":"https:\/\/www.fifv.cl\/2015\/wp-json\/wp\/v2\/media\/1553"}],"wp:attachment":[{"href":"https:\/\/www.fifv.cl\/2015\/wp-json\/wp\/v2\/media?parent=2020"}],"wp:term":[{"taxonomy":"category","embeddable":true,"href":"https:\/\/www.fifv.cl\/2015\/wp-json\/wp\/v2\/categories?post=2020"},{"taxonomy":"post_tag","embeddable":true,"href":"https:\/\/www.fifv.cl\/2015\/wp-json\/wp\/v2\/tags?post=2020"}],"curies":[{"name":"wp","href":"https:\/\/api.w.org\/{rel}","templated":true}]}}