{"id":1914,"date":"2015-11-07T14:42:55","date_gmt":"2015-11-07T17:42:55","guid":{"rendered":"http:\/\/www.fifv.cl\/2015\/?p=1914"},"modified":"2015-12-02T12:07:54","modified_gmt":"2015-12-02T15:07:54","slug":"tres-nuevas-exposiciones-inician-con-exito","status":"publish","type":"post","link":"https:\/\/www.fifv.cl\/2015\/tres-nuevas-exposiciones-inician-con-exito\/","title":{"rendered":"Tres nuevas exposiciones inician con \u00e9xito"},"content":{"rendered":"<p>En la Plaza Victoria, centro hist\u00f3rico de la ciudad, se encuentra la exposici\u00f3n al aire libre \u201cResidencia en los Cerros\u201d realizada por los voluntarios de las Brigadas Fotogr\u00e1ficas. Los voluntarios convivieron cuatro d\u00edas con familias damnificadas por el incendio del a\u00f1o pasado, retratando su cotidianidad. Tal fue el caso de la familia Quevedo-Jorquera, que participaron el a\u00f1o pasado en la \u201cReconstrucci\u00f3n del \u00e1lbum familiar) y este 2015 quisieron repetir la experiencia, esta vez alojando a la Brigada Bal-Art, compuesta por Francisca Balart.\u00a0 P\u00efa Quevedo, del Cerro la Cruz \u201cMuy orgullosa de mis hijas, mi nieta y mi misma, \u00a1una modelo total! Lo pasamos muy bien con la Fran, que fue mi fot\u00f3grafa y fue como una m\u00e1s de la familia. Nos preguntaron si quer\u00edamos participar y dije s\u00ed al tiro. Lo pasamos fant\u00e1stico. Las fotos salieron de manera muy instant\u00e1nea y natural. El a\u00f1o pasado estuvimos con las brigadas solo un d\u00eda y ahora fue una experiencia mucho m\u00e1s \u00edntima. Incluso conoc\u00ed a la familia de la fot\u00f3grafa. Recomiendo a toda la gente que se entusiasme con este festival de fotograf\u00eda, porque es muy bonito. Conoces otras personas y haces v\u00ednculos\u201d.<\/p>\n<p>El editor de la muestra, Miguel \u00c1ngel Larrea, agradeci\u00f3 la oportunidad brindada por las familias. \u201cQuisimos desde nuestra perspectiva como fot\u00f3grafos, ayudar a recuperar sus fotos perdidas en el incendio. En esta muestra, la intensi\u00f3n fue conocer sus realidades m\u00e1s a diario y que los fot\u00f3grafos se expresen. Tambi\u00e9n pasaron cosas inesperadas y nos encontramos que en esas familias tambi\u00e9n hab\u00eda fot\u00f3grafos\u201d.<\/p>\n<p>La multitud se traslad\u00f3 a la siguiente actividad inaugural, las muestras \u201cWorkshop de Claudine Doury\u201d y \u201cWorkshop de Paolo Verzone\u201d en Casa Plan. La ceremonia fue a cargo de ambos maestros de la fotograf\u00eda internacional, quienes agradecieron la invitaci\u00f3n.<\/p>\n<p>\u201cDej\u00e9 a los talleristas trabajar de manera independiente, desde la realidad y la ficci\u00f3n. Es por eso que todas las fotos de la muestra son tan distintas y eso me encanta\u201d, expres\u00f3 Doury. Por su parte, Verzone defini\u00f3 la experiencia como \u201cextraordinaria. Empezar este proceso desde cero con los participantes gener\u00f3 un di\u00e1logo no solo de palabras. Me he puesto a su servicio. Tienen mucha energ\u00eda, es un equipo entusiasta y apasionado\u201d.<\/p>\n<p>Los talleristas tambi\u00e9n quisieron dar gracias por la instancia, como en el caso de Pablo Izquierdo, quien coment\u00f3 sentirse \u201capoyado por profesores muy talentosos pero humildes. Hab\u00eda una energ\u00eda muy positiva, a pesar que pasaron situaciones donde tuvimos que avisparnos fotogr\u00e1ficamente\u201d<\/p>\n","protected":false},"excerpt":{"rendered":"<p>En la Plaza Victoria, centro hist\u00f3rico de la ciudad, se encuentra la exposici\u00f3n al aire libre \u201cResidencia en los Cerros\u201d realizada por los voluntarios de las Brigadas Fotogr\u00e1ficas. Los voluntarios [&hellip;]<\/p>\n","protected":false},"author":2,"featured_media":1933,"comment_status":"closed","ping_status":"open","sticky":false,"template":"","format":"standard","meta":{"footnotes":""},"categories":[10],"tags":[],"class_list":["post-1914","post","type-post","status-publish","format-standard","has-post-thumbnail","hentry","category-noticias"],"_links":{"self":[{"href":"https:\/\/www.fifv.cl\/2015\/wp-json\/wp\/v2\/posts\/1914","targetHints":{"allow":["GET"]}}],"collection":[{"href":"https:\/\/www.fifv.cl\/2015\/wp-json\/wp\/v2\/posts"}],"about":[{"href":"https:\/\/www.fifv.cl\/2015\/wp-json\/wp\/v2\/types\/post"}],"author":[{"embeddable":true,"href":"https:\/\/www.fifv.cl\/2015\/wp-json\/wp\/v2\/users\/2"}],"replies":[{"embeddable":true,"href":"https:\/\/www.fifv.cl\/2015\/wp-json\/wp\/v2\/comments?post=1914"}],"version-history":[{"count":4,"href":"https:\/\/www.fifv.cl\/2015\/wp-json\/wp\/v2\/posts\/1914\/revisions"}],"predecessor-version":[{"id":1986,"href":"https:\/\/www.fifv.cl\/2015\/wp-json\/wp\/v2\/posts\/1914\/revisions\/1986"}],"wp:featuredmedia":[{"embeddable":true,"href":"https:\/\/www.fifv.cl\/2015\/wp-json\/wp\/v2\/media\/1933"}],"wp:attachment":[{"href":"https:\/\/www.fifv.cl\/2015\/wp-json\/wp\/v2\/media?parent=1914"}],"wp:term":[{"taxonomy":"category","embeddable":true,"href":"https:\/\/www.fifv.cl\/2015\/wp-json\/wp\/v2\/categories?post=1914"},{"taxonomy":"post_tag","embeddable":true,"href":"https:\/\/www.fifv.cl\/2015\/wp-json\/wp\/v2\/tags?post=1914"}],"curies":[{"name":"wp","href":"https:\/\/api.w.org\/{rel}","templated":true}]}}