{"id":1861,"date":"2015-11-05T22:26:14","date_gmt":"2015-11-06T01:26:14","guid":{"rendered":"http:\/\/www.fifv.cl\/2015\/?p=1861"},"modified":"2015-11-07T18:06:30","modified_gmt":"2015-11-07T21:06:30","slug":"juan-manuel-castro-prieto-peru-es-mi-pais-anhelado","status":"publish","type":"post","link":"https:\/\/www.fifv.cl\/2015\/juan-manuel-castro-prieto-peru-es-mi-pais-anhelado\/","title":{"rendered":"Juan Manuel Castro Prieto \u00abPer\u00fa es mi pa\u00eds anhelado\u00bb"},"content":{"rendered":"<p style=\"text-align: justify;\">Castro Prieto present\u00f3 su trabajo audiovisual Ca\u00edn ante un auditorio expectante. El autor, que ha sido galardonado con Premio de la Nacional de Fotograf\u00eda en Espa\u00f1a, charl\u00f3 con el artista visual Camilo Y\u00e1\u00f1ez sobre \u201cExtra\u00f1os\u201d, su trabajo transversal al resto de sus obras.<\/p>\n<p style=\"text-align: justify;\">\u201cMi relaci\u00f3n con Per\u00fa comienza desde ni\u00f1o, cuando le\u00eda los comics de Tin Tin y qued\u00e9 fascinado con esa cultura, me pareci\u00f3 un lugar m\u00e1gico. Se convierte en mi pa\u00eds anhelado, pero paron muchos a\u00f1os antes que viajara a Per\u00fa. Cuando viaj\u00e9 fotografi\u00e9 lo que ve\u00eda, pero desde un prisma m\u00e1gico. Contin\u00fao viajando a Per\u00fa, porque la fascinaci\u00f3n contin\u00faa. Pero el Per\u00fa que muestro es apenas la sombra en un d\u00eda nublado. Hay un alto componente on\u00edrico\u201d.<\/p>\n","protected":false},"excerpt":{"rendered":"<p>Castro Prieto present\u00f3 su trabajo audiovisual Ca\u00edn ante un auditorio expectante. El autor, que ha sido galardonado con Premio de la Nacional de Fotograf\u00eda en Espa\u00f1a, charl\u00f3 con el artista [&hellip;]<\/p>\n","protected":false},"author":2,"featured_media":1858,"comment_status":"closed","ping_status":"open","sticky":false,"template":"","format":"standard","meta":{"footnotes":""},"categories":[10],"tags":[],"class_list":["post-1861","post","type-post","status-publish","format-standard","has-post-thumbnail","hentry","category-noticias"],"_links":{"self":[{"href":"https:\/\/www.fifv.cl\/2015\/wp-json\/wp\/v2\/posts\/1861","targetHints":{"allow":["GET"]}}],"collection":[{"href":"https:\/\/www.fifv.cl\/2015\/wp-json\/wp\/v2\/posts"}],"about":[{"href":"https:\/\/www.fifv.cl\/2015\/wp-json\/wp\/v2\/types\/post"}],"author":[{"embeddable":true,"href":"https:\/\/www.fifv.cl\/2015\/wp-json\/wp\/v2\/users\/2"}],"replies":[{"embeddable":true,"href":"https:\/\/www.fifv.cl\/2015\/wp-json\/wp\/v2\/comments?post=1861"}],"version-history":[{"count":1,"href":"https:\/\/www.fifv.cl\/2015\/wp-json\/wp\/v2\/posts\/1861\/revisions"}],"predecessor-version":[{"id":1862,"href":"https:\/\/www.fifv.cl\/2015\/wp-json\/wp\/v2\/posts\/1861\/revisions\/1862"}],"wp:featuredmedia":[{"embeddable":true,"href":"https:\/\/www.fifv.cl\/2015\/wp-json\/wp\/v2\/media\/1858"}],"wp:attachment":[{"href":"https:\/\/www.fifv.cl\/2015\/wp-json\/wp\/v2\/media?parent=1861"}],"wp:term":[{"taxonomy":"category","embeddable":true,"href":"https:\/\/www.fifv.cl\/2015\/wp-json\/wp\/v2\/categories?post=1861"},{"taxonomy":"post_tag","embeddable":true,"href":"https:\/\/www.fifv.cl\/2015\/wp-json\/wp\/v2\/tags?post=1861"}],"curies":[{"name":"wp","href":"https:\/\/api.w.org\/{rel}","templated":true}]}}