{"id":1764,"date":"2015-11-04T21:02:10","date_gmt":"2015-11-05T00:02:10","guid":{"rendered":"http:\/\/www.fifv.cl\/2015\/?p=1764"},"modified":"2015-12-02T12:08:02","modified_gmt":"2015-12-02T15:08:02","slug":"actividades-jueves-5","status":"publish","type":"post","link":"https:\/\/www.fifv.cl\/2015\/actividades-jueves-5\/","title":{"rendered":"Actividades Jueves 5"},"content":{"rendered":"<p style=\"text-align: justify;\">Este\u00a0las actividades se transladan a Balmaceda Arte Joven (Santa Isabel 739, Cerro Alegre). A las 16.00 es la Inauguraci\u00f3n de la exposici\u00f3n del taller dirigido por Ver\u00f3nica Soto, con profesores y ni\u00f1os de establecimientos de educaci\u00f3n b\u00e1sica. Esta actividad se enmarca dentro del concurso \u201cCaptura tu Entorno\u201d, realizado anualmente por el Consejo Nacional de la Cultura y las Artes.<\/p>\n<p style=\"text-align: justify;\">M\u00e1s tarde, la jornada sigue en El Internado (Pasaje Dimalow 167, Cerro Alegre). A partir de las 18.00 habr\u00e1 una sesi\u00f3n DJ BOOK con Jorge Gronemeyer (Chile), seguida por DJ BOOK con Claudio P\u00e9rez (Chile), quienes \u00abpinchar\u00e1n\u00bb sus fotolibros favoritos a los asistentes.<\/p>\n<p style=\"text-align: justify;\">A las 19.30 es el lanzamiento del fotolibro \u201cMaPa, Marcas en el Paisaje\u201d de Nicol\u00e1s S\u00e1ez (Chile). Serie de 7 fotograf\u00edas, 7 maquetas\/prototipos de vallas publicitarias y una infograf\u00eda del territorio y las grandes empresas, realizados durante los recorridos efectuados por el autor dentro de la regi\u00f3n del B\u00edo-B\u00edo, en un viaje de cordillera a mar.<\/p>\n<p style=\"text-align: justify;\">Los Di\u00e1logos fotogr\u00e1ficos siguen a las 20 horas con el encuentro entre Juan Manuel Castro Prieto y el artista visual Claudio Ya\u00f1ez. Camilo Y\u00e1\u00f1ez es un artista visual chileno, profesor de arte en la UNIACC y curador de la s\u00e9ptima Bienal del Mercosur en Portoalegre, Brasil. En esta ocasi\u00f3n, dialogar\u00e1 con el retratista y revelador Juan Manuel Castro Prieto sobre el estado actual de la fotograf\u00eda.<\/p>\n<p style=\"text-align: justify;\">El cine estar\u00e1 presente con la proyecci\u00f3n de la pel\u00edcula \u00abA valpara\u00edso\u00bb de Joris Ivens a las 21 horas, seguida por una proyecci\u00f3n musicalizada por Claudio Clavija y Lukax Santana. La noche culminar\u00e1 con m\u00fasica a cargo de DJ SETEMAN (Francia).<\/p>\n","protected":false},"excerpt":{"rendered":"<p>Este\u00a0las actividades se transladan a Balmaceda Arte Joven (Santa Isabel 739, Cerro Alegre). A las 16.00 es la Inauguraci\u00f3n de la exposici\u00f3n del taller dirigido por Ver\u00f3nica Soto, con profesores [&hellip;]<\/p>\n","protected":false},"author":2,"featured_media":1767,"comment_status":"closed","ping_status":"open","sticky":false,"template":"","format":"standard","meta":{"footnotes":""},"categories":[],"tags":[],"class_list":["post-1764","post","type-post","status-publish","format-standard","has-post-thumbnail","hentry"],"_links":{"self":[{"href":"https:\/\/www.fifv.cl\/2015\/wp-json\/wp\/v2\/posts\/1764","targetHints":{"allow":["GET"]}}],"collection":[{"href":"https:\/\/www.fifv.cl\/2015\/wp-json\/wp\/v2\/posts"}],"about":[{"href":"https:\/\/www.fifv.cl\/2015\/wp-json\/wp\/v2\/types\/post"}],"author":[{"embeddable":true,"href":"https:\/\/www.fifv.cl\/2015\/wp-json\/wp\/v2\/users\/2"}],"replies":[{"embeddable":true,"href":"https:\/\/www.fifv.cl\/2015\/wp-json\/wp\/v2\/comments?post=1764"}],"version-history":[{"count":2,"href":"https:\/\/www.fifv.cl\/2015\/wp-json\/wp\/v2\/posts\/1764\/revisions"}],"predecessor-version":[{"id":1768,"href":"https:\/\/www.fifv.cl\/2015\/wp-json\/wp\/v2\/posts\/1764\/revisions\/1768"}],"wp:featuredmedia":[{"embeddable":true,"href":"https:\/\/www.fifv.cl\/2015\/wp-json\/wp\/v2\/media\/1767"}],"wp:attachment":[{"href":"https:\/\/www.fifv.cl\/2015\/wp-json\/wp\/v2\/media?parent=1764"}],"wp:term":[{"taxonomy":"category","embeddable":true,"href":"https:\/\/www.fifv.cl\/2015\/wp-json\/wp\/v2\/categories?post=1764"},{"taxonomy":"post_tag","embeddable":true,"href":"https:\/\/www.fifv.cl\/2015\/wp-json\/wp\/v2\/tags?post=1764"}],"curies":[{"name":"wp","href":"https:\/\/api.w.org\/{rel}","templated":true}]}}