{"id":1590,"date":"2015-11-03T11:51:26","date_gmt":"2015-11-03T14:51:26","guid":{"rendered":"http:\/\/www.fifv.cl\/2015\/?p=1590"},"modified":"2015-11-03T15:43:15","modified_gmt":"2015-11-03T18:43:15","slug":"muestra-de-fotolibros-latinoamericanos-2","status":"publish","type":"post","link":"https:\/\/www.fifv.cl\/2015\/muestra-de-fotolibros-latinoamericanos-2\/","title":{"rendered":"Muestra de fotolibros latinoamericanos"},"content":{"rendered":"<p style=\"text-align: justify;\">Como siempre dentro de la programaci\u00f3n del FIFV, el fotolibro tiene un lugar esencial, esta vez con una muestra acotada a Latinoam\u00e9rica que convoc\u00f3 a m\u00e1s de 200 autores y sus trabajos. Todo un acopio para hojear que formar\u00e1 parte de la naciente Biblioteca Fotogr\u00e1fica FIFV, pronta a inaugurarse, y que abrir\u00e1 sus puertas a la comunidad en la casona de Buenos Aires 824 en el plan, sector El Almendral.<\/p>\n<p style=\"text-align: justify;\"><strong>\u201c<\/strong>Esa iniciativa naci\u00f3 luego de la exposici\u00f3n de los libros que nos regal\u00f3 el Festival de Arles. La sensaci\u00f3n de placer y alegr\u00eda que tuvo el p\u00fablico con los libros fue tan fuerte que nos dieron ganas de volver a repetir la experiencia esta vez con libros latinoamericanos\u201d, cuenta el fot\u00f3grafo Rodrigo G\u00f3mez Rovira, director del FIFV.<\/p>\n<p style=\"text-align: justify;\">De esta manera la convocatoria reuni\u00f3 a variedad de formatos y tem\u00e1ticas: desde los soberbios tomos de \u201cLa recuperaci\u00f3n de la memoria. Per\u00fa 1842 \u2013 1942\u201d y \u201cA trav\u00e9s de la m\u00e1scara. 1897 a 2010\u201d sobre fotograf\u00eda mexicana, a ediciones m\u00ednimas e \u00edntimas como la de \u201cEl mejor cumplea\u00f1os\u201d de los uruguayos Mart\u00edn Batalles y Gabriela Costoya, o la de \u201cAmigas. Diario de Viaje\u201d de las argentinas Eugenia de Micheli y Julieta Pestarino.<\/p>\n<p style=\"text-align: justify;\">\u201cEl continente es una zona mundial desde donde se hace fotograf\u00eda, se es propositivo y din\u00e1mico; se est\u00e1n haciendo libros, aunque sea con tirajes peque\u00f1os, hay libros hechos a mano y otros con difusi\u00f3n m\u00e1s cl\u00e1sica y masiva\u201d, aclara Rovira.<\/p>\n<p style=\"text-align: justify;\">Cl\u00e1sicos chilenos como \u201cEl infarto del alma\u201d de Paz Err\u00e1zuriz y \u201cChilenas\u201d de Claudio Bertoni, al lado de \u201cConchal\u00ed\u201d de Mauricio Duarte y \u201cAh, los d\u00edas felices\u201d de Carlos Altamirano. Un amplio abanico que cuenta historias latinoamericanas de aqu\u00ed y all\u00e1, con pasaporte de viaje y con alma de barrio.<\/p>\n<p style=\"text-align: justify;\">\u201cLlegaron unos 200 libros que expondremos como un panorama sobre la fotograf\u00eda en la zona y un registro de la amplitud de las ediciones: desde libritos hechos con corchete a libros caros de fot\u00f3grafos reconocidos. Estos libros peque\u00f1os son la mayor\u00eda porque hay una necesidad de pensar y hacer circular libros aunque no est\u00e9n los medios\u201d, acota el director del FIFV.<\/p>\n<p style=\"text-align: justify;\"><strong>LOS AFICHES NO PUBLICADOS<\/strong><\/p>\n<p style=\"text-align: justify;\">Dentro de los procesos anuales que vive el FIFV est\u00e1 el de idear y calzar con la imagen que se usar\u00e1 en cada edici\u00f3n. De esta manera, los seis a\u00f1os de vida quedan expuestos en los diferentes afiches que se han hecho. Como una manera de dar cuenta de los procesos que llevan a las obras, se mont\u00f3, en una de las alas de la exposici\u00f3n central, la muestra de afiches no publicados del FIFV, entre 2010 y 2015. Una<\/p>\n<p style=\"text-align: justify;\">\u201cA lo largo de su existencia, el trabajo del dise\u00f1o del FIFV lo hemos hecho junto a Dante Mellado. En alg\u00fan momento de este a\u00f1o intercambiamos pareceres y puntos de vista sobre el afiche hasta que llegamos a un punto en el que Dante, para sustentar su propuesta, nos mostr\u00f3 todos aquellos afiches que fueron parte del proceso de los afiches de a\u00f1os anteriores. Nos dimos cuenta que hab\u00eda que mostrarlo, es un golpe ver el proceso de creaci\u00f3n, algunos hechos a mano, probando colores y posiciones de los elementos\u201d, cuenta Rodrigo G\u00f3mez Rovira.<\/p>\n<p style=\"text-align: justify;\">Por cierto, la gr\u00e1fica de este a\u00f1o contin\u00faa con el pie forzado de todas las ediciones anteriores: emplear la figura del pescado conocido como reineta, \u201cporque es de nuestra costa, seg\u00fan tengo entendido no hay en otros lugares del mundo, y adem\u00e1s en Valpara\u00edso es muy com\u00fan ir a comerse una reineta\u201d, a\u00f1ade Rodrigo. \u201cLa reineta de esta edici\u00f3n tom\u00f3 un giro m\u00e1s pop, nuestros afiches anteriores usaron mucha textura, grabados, dibujos, tinta, ac\u00e1 hicimos un tratamiento desde el computador en el que se reconoce la reineta pero en clave mucho m\u00e1s pop, usando colores no agresivos\u201d.<\/p>\n<p style=\"text-align: justify;\">\u201cPara hacer un afiche hay dos caminos: el que cuenta todo lo que sucede, el informativo con el dato duro; despu\u00e9s est\u00e1 el afiche que da una sensaci\u00f3n, que seduce sin contar casi nada. El primero, el informativo, tiene poca vida luego que se dijo lo que se dijo; sin embargo el segundo puede volver a entregar la sensaci\u00f3n que produjo la primera vez. Nosotros queremos que cada afiche tenga la ilusi\u00f3n de existir en el tiempo, igual que pasa con la fotograf\u00eda que da cuenta de algo que sucede hoy y de lo suceder\u00e1 ma\u00f1ana o de lo que sucedi\u00f3 ayer. La imagen fija se va nutriendo del fuera de cuadro\u201d, resume G\u00f3mez Rovira.<\/p>\n<p style=\"text-align: justify;\"><strong>La muestra de fotolibros latinoamericanos y de afiche son publicados permanecer\u00e1 abierta en el PCdV hasta el 29 de noviembre. Durante esta semana y hasta el viernes contar\u00e1 con visita guiada de 11:00 a 12:30 horas. El Parque Cultural de Valpara\u00edso queda en C\u00e1rcel 471, Cerro C\u00e1rcel.<\/strong><\/p>\n<p style=\"text-align: justify;\">\n<p><a class=\"more-link pull-right margin-left-5\" href=\"http:\/\/www.fifv.cl\/2015\/galerias-de-prensa\/\" target=\"_blank\">Ver Galer\u00edas para Prensa<\/a><\/p>\n","protected":false},"excerpt":{"rendered":"<p>Como siempre dentro de la programaci\u00f3n del FIFV, el fotolibro tiene un lugar esencial, esta vez con una muestra acotada a Latinoam\u00e9rica que convoc\u00f3 a m\u00e1s de 200 autores y [&hellip;]<\/p>\n","protected":false},"author":2,"featured_media":0,"comment_status":"closed","ping_status":"open","sticky":false,"template":"","format":"standard","meta":{"footnotes":""},"categories":[23],"tags":[],"class_list":["post-1590","post","type-post","status-publish","format-standard","hentry","category-prensa"],"_links":{"self":[{"href":"https:\/\/www.fifv.cl\/2015\/wp-json\/wp\/v2\/posts\/1590","targetHints":{"allow":["GET"]}}],"collection":[{"href":"https:\/\/www.fifv.cl\/2015\/wp-json\/wp\/v2\/posts"}],"about":[{"href":"https:\/\/www.fifv.cl\/2015\/wp-json\/wp\/v2\/types\/post"}],"author":[{"embeddable":true,"href":"https:\/\/www.fifv.cl\/2015\/wp-json\/wp\/v2\/users\/2"}],"replies":[{"embeddable":true,"href":"https:\/\/www.fifv.cl\/2015\/wp-json\/wp\/v2\/comments?post=1590"}],"version-history":[{"count":3,"href":"https:\/\/www.fifv.cl\/2015\/wp-json\/wp\/v2\/posts\/1590\/revisions"}],"predecessor-version":[{"id":1616,"href":"https:\/\/www.fifv.cl\/2015\/wp-json\/wp\/v2\/posts\/1590\/revisions\/1616"}],"wp:attachment":[{"href":"https:\/\/www.fifv.cl\/2015\/wp-json\/wp\/v2\/media?parent=1590"}],"wp:term":[{"taxonomy":"category","embeddable":true,"href":"https:\/\/www.fifv.cl\/2015\/wp-json\/wp\/v2\/categories?post=1590"},{"taxonomy":"post_tag","embeddable":true,"href":"https:\/\/www.fifv.cl\/2015\/wp-json\/wp\/v2\/tags?post=1590"}],"curies":[{"name":"wp","href":"https:\/\/api.w.org\/{rel}","templated":true}]}}