{"id":1309,"date":"2015-11-01T17:52:42","date_gmt":"2015-11-01T20:52:42","guid":{"rendered":"http:\/\/www.fifv.cl\/2015\/?p=1309"},"modified":"2015-11-02T12:30:23","modified_gmt":"2015-11-02T15:30:23","slug":"comenzaron-los-workshops-fifv-2015","status":"publish","type":"post","link":"https:\/\/www.fifv.cl\/2015\/comenzaron-los-workshops-fifv-2015\/","title":{"rendered":"Workshops FIFV 2015, una gran oportunidad profesional"},"content":{"rendered":"<p>Si bien en julio de este a\u00f1o se realiz\u00f3 el workshop dictado por Alberto Garc\u00eda- Alix, hemos inaugurado oficialmente los workshops de esta versi\u00f3n 2015. Se suman, entonces, tres destacados fot\u00f3grafos contempor\u00e1neos. Se trata de Juan Manuel Castro Prieto, Claudine Doury, y Paolo Verzone<\/p>\n<p>M\u00e1s de 30 fot\u00f3grafos elegidos por sus portafolios, de un par de centenares que participaron en la convocatoria, participan desde hoy de estos workshops que finalizar\u00e1n con tres exposiciones y que dan inicio al fin de las actividades de la semana, pero que se suman al resto de las exposiciones ya inauguradas y las que se montar\u00e1n durante la semana y que estar\u00e1n hasta el 29 de noviembre, en distinos centros culturales de Valpara\u00edso.<\/p>\n<p>En estos workshops, los autores desarrollar\u00e1n un trabajo creativo especialmente dedicado para el Festival, esto luego de que los profesores examinen y comenten su material anterior. Fotograf\u00edas sobre la ciudad en distintas tem\u00e1ticas y formatos ser\u00e1n editadas en un espacio colectivo y participativo con los invitados internacionales que dar\u00e1n resultado a estas muestras.<\/p>\n<p>M\u00e1s informaci\u00f3n :<a href=\"http:\/\/www.fifv.cl\/2015\/workshops\/\" target=\"_blank\"> http:\/\/www.fifv.cl\/2015\/workshops\/<\/a><\/p>\n","protected":false},"excerpt":{"rendered":"<p>Si bien en julio de este a\u00f1o se realiz\u00f3 el workshop dictado por Alberto Garc\u00eda- Alix, hemos inaugurado oficialmente los workshops de esta versi\u00f3n 2015. Se suman, entonces, tres destacados [&hellip;]<\/p>\n","protected":false},"author":1,"featured_media":1313,"comment_status":"closed","ping_status":"open","sticky":false,"template":"","format":"standard","meta":{"footnotes":""},"categories":[10],"tags":[],"class_list":["post-1309","post","type-post","status-publish","format-standard","has-post-thumbnail","hentry","category-noticias"],"_links":{"self":[{"href":"https:\/\/www.fifv.cl\/2015\/wp-json\/wp\/v2\/posts\/1309","targetHints":{"allow":["GET"]}}],"collection":[{"href":"https:\/\/www.fifv.cl\/2015\/wp-json\/wp\/v2\/posts"}],"about":[{"href":"https:\/\/www.fifv.cl\/2015\/wp-json\/wp\/v2\/types\/post"}],"author":[{"embeddable":true,"href":"https:\/\/www.fifv.cl\/2015\/wp-json\/wp\/v2\/users\/1"}],"replies":[{"embeddable":true,"href":"https:\/\/www.fifv.cl\/2015\/wp-json\/wp\/v2\/comments?post=1309"}],"version-history":[{"count":6,"href":"https:\/\/www.fifv.cl\/2015\/wp-json\/wp\/v2\/posts\/1309\/revisions"}],"predecessor-version":[{"id":1535,"href":"https:\/\/www.fifv.cl\/2015\/wp-json\/wp\/v2\/posts\/1309\/revisions\/1535"}],"wp:featuredmedia":[{"embeddable":true,"href":"https:\/\/www.fifv.cl\/2015\/wp-json\/wp\/v2\/media\/1313"}],"wp:attachment":[{"href":"https:\/\/www.fifv.cl\/2015\/wp-json\/wp\/v2\/media?parent=1309"}],"wp:term":[{"taxonomy":"category","embeddable":true,"href":"https:\/\/www.fifv.cl\/2015\/wp-json\/wp\/v2\/categories?post=1309"},{"taxonomy":"post_tag","embeddable":true,"href":"https:\/\/www.fifv.cl\/2015\/wp-json\/wp\/v2\/tags?post=1309"}],"curies":[{"name":"wp","href":"https:\/\/api.w.org\/{rel}","templated":true}]}}