{"id":1157,"date":"2015-10-30T18:15:21","date_gmt":"2015-10-30T21:15:21","guid":{"rendered":"http:\/\/www.fifv.cl\/2015\/?p=1157"},"modified":"2015-11-03T15:44:39","modified_gmt":"2015-11-03T18:44:39","slug":"manana-inician-las-primeras-actividades-del-fifv-2015","status":"publish","type":"post","link":"https:\/\/www.fifv.cl\/2015\/manana-inician-las-primeras-actividades-del-fifv-2015\/","title":{"rendered":"Ma\u00f1ana inician las primeras actividades del FIFV 2015"},"content":{"rendered":"<p>Con cuatro exposiciones gratuitas se da inicio, ma\u00f1ana s\u00e1bado 31 de octubre a la ceremonia inaugural de la VI versi\u00f3n del FIFV. La actividad es a las 12 horas en el Parque Cultural de Valpara\u00edso.<\/p>\n<p>El Ministro de Cultura Ernesto Ottone se refiri\u00f3 a la instancia.\u201cEl FIFV se ha posicionado como una importante plataforma internacional para la fotograf\u00eda chilena, donde el Consejo de la Cultura ha podido enriquecer la propuesta, integrando una serie de actividades dentro del festival. Gracias a esta gesti\u00f3n, en los visionados de portafolios, en los talleres y los di\u00e1logos fotogr\u00e1ficos, agentes y mediadores de esta disciplina, y representantes nacionales e internacionales, entran en contacto con los autores y sus obras, permitiendo hacer de este encuentro, una experiencia fundamental para el mundo de la fotograf\u00eda en nuestro pa\u00eds\u201d.<\/p>\n<p>Los visitantes podr\u00e1n visitar la exposici\u00f3n central, \u201cResidencia en Valpara\u00edso\u201d de Alberto Garc\u00eda -Alix, una serie de 30 im\u00e1genes an\u00e1logas y en blanco y negro. Tambi\u00e9n se inaugura la Muestra Residencia FIFV en el Festival franc\u00e9s ImageSinguli\u00e8res \u2013 S\u00c8TE#16, compuesta por \u201cRep\u00fablica\u201d de Nicol\u00e1s Wormull; \u201cSur\u201d de Paula L\u00f3pez; \u201cA-mor: Historias de femicidio\u201d y \u201cEn el nombre de Karen\u201d de Crist\u00f3bal Olivares y \u201cAp\u00e1trida\u201d de Tom\u00e1s Quiroga.<\/p>\n<p>En el mismo lugar encontrar\u00e1n la Muestra de Fotolibros Latinoamericanos, una colecci\u00f3n \u00fanica de m\u00e1s de 350 fotolibros donados y la Muestra de afiches no publicados FIFV 2010 a 2015 (Chile), una retrospectiva del proceso de creaci\u00f3n gr\u00e1fica del festival, con autor\u00eda de Dante Mellado.<\/p>\n<p>A partir de las 19 horas, las actividades se trasladan a Dinamarca 399, con el contacto por Skype con Fernando Ace\u00f1a y su Museo de la Luz, DJ Book y lanzamiento del libro \u201cMilagreros\u201d de Mauricio Toro Goya, para terminar la jornada con el di\u00e1logo con Daniel Sosa (director del Centro de Fotograf\u00eda de Montevideo) y la inauguraci\u00f3n de la exposici\u00f3n y libro \u201cEstada\u201d, realizado por 8 autores uruguayos al alero de FIFV Ediciones.<\/p>\n<p><a class=\"more-link pull-right margin-left-5\" href=\"http:\/\/www.fifv.cl\/2015\/wp-content\/uploads\/2015\/10\/COMUNICADO-30-OCTUBRE-Inauguracion.doc\" target=\"_blank\">Descargar Comunicado<\/a><\/p>\n","protected":false},"excerpt":{"rendered":"<p>Con cuatro exposiciones gratuitas se da inicio, ma\u00f1ana s\u00e1bado 31 de octubre a la ceremonia inaugural de la VI versi\u00f3n del FIFV. La actividad es a las 12 horas en [&hellip;]<\/p>\n","protected":false},"author":1,"featured_media":0,"comment_status":"closed","ping_status":"open","sticky":false,"template":"","format":"standard","meta":{"footnotes":""},"categories":[23],"tags":[],"class_list":["post-1157","post","type-post","status-publish","format-standard","hentry","category-prensa"],"_links":{"self":[{"href":"https:\/\/www.fifv.cl\/2015\/wp-json\/wp\/v2\/posts\/1157","targetHints":{"allow":["GET"]}}],"collection":[{"href":"https:\/\/www.fifv.cl\/2015\/wp-json\/wp\/v2\/posts"}],"about":[{"href":"https:\/\/www.fifv.cl\/2015\/wp-json\/wp\/v2\/types\/post"}],"author":[{"embeddable":true,"href":"https:\/\/www.fifv.cl\/2015\/wp-json\/wp\/v2\/users\/1"}],"replies":[{"embeddable":true,"href":"https:\/\/www.fifv.cl\/2015\/wp-json\/wp\/v2\/comments?post=1157"}],"version-history":[{"count":11,"href":"https:\/\/www.fifv.cl\/2015\/wp-json\/wp\/v2\/posts\/1157\/revisions"}],"predecessor-version":[{"id":1619,"href":"https:\/\/www.fifv.cl\/2015\/wp-json\/wp\/v2\/posts\/1157\/revisions\/1619"}],"wp:attachment":[{"href":"https:\/\/www.fifv.cl\/2015\/wp-json\/wp\/v2\/media?parent=1157"}],"wp:term":[{"taxonomy":"category","embeddable":true,"href":"https:\/\/www.fifv.cl\/2015\/wp-json\/wp\/v2\/categories?post=1157"},{"taxonomy":"post_tag","embeddable":true,"href":"https:\/\/www.fifv.cl\/2015\/wp-json\/wp\/v2\/tags?post=1157"}],"curies":[{"name":"wp","href":"https:\/\/api.w.org\/{rel}","templated":true}]}}