{"id":935,"date":"2013-11-01T22:33:42","date_gmt":"2013-11-01T22:33:42","guid":{"rendered":"http:\/\/www.fifv.cl\/2013\/?p=935"},"modified":"2013-11-01T22:33:42","modified_gmt":"2013-11-01T22:33:42","slug":"dialogo-fotografico-junto-jose-antonio-navarrete","status":"publish","type":"post","link":"https:\/\/www.fifv.cl\/2013\/dialogo-fotografico-junto-jose-antonio-navarrete\/","title":{"rendered":"Di\u00e1logo Fotogr\u00e1fico junto a Jos\u00e9 Antonio Navarrete"},"content":{"rendered":"<table border=\"0\" cellpadding=\"1\" cellspacing=\"1\" style=\"width: 1000px;\">\n<tbody>\n<tr>\n<td>\n\t\t\t\t<a href=\"http:\/\/www.fifv.cl\/2013\/wp-content\/uploads\/2013\/11\/17.jpg\"><img loading=\"lazy\" decoding=\"async\" alt=\"17\" class=\"alignleft size-full wp-image-953\" height=\"667\" src=\"http:\/\/www.fifv.cl\/2013\/wp-content\/uploads\/2013\/11\/17.jpg\" width=\"1000\" srcset=\"https:\/\/www.fifv.cl\/2013\/wp-content\/uploads\/2013\/11\/17.jpg 1000w, https:\/\/www.fifv.cl\/2013\/wp-content\/uploads\/2013\/11\/17-300x200.jpg 300w, https:\/\/www.fifv.cl\/2013\/wp-content\/uploads\/2013\/11\/17-989x660.jpg 989w\" sizes=\"auto, (max-width: 1000px) 100vw, 1000px\" \/><\/a>\n\t\t\t<\/td>\n<\/tr>\n<\/tbody>\n<\/table>\n<table border=\"0\" cellpadding=\"1\" cellspacing=\"1\" style=\"width: 700px;\">\n<tbody>\n<tr>\n<td>\n<p>\n\t\t\t\t\tJos&eacute; Antonio Navarrete tiene la palabra en esta segunda jordana de Di&aacute;logos fotogr&aacute;ficos del FIFV. Navarrete se ha destacado como investigador, cr&iacute;tico y curador de artes y cultura visual. Ha sido un frecuente exponente y conferencista en medios acad&eacute;micos y culturales de numerosos pa&iacute;ses de Am&eacute;rica Latina y los Estados Unidos. &nbsp;&ldquo;Lo primero es que,&nbsp; lo que de muy joven me interes&oacute; de la fotograf&iacute;a, es la posibilidad de las gamas de usos que tiene la foto y de, entre esa amplia posibilidad, yo quer&iacute;a tener la art&iacute;stica&rdquo; comenta Navarrete.\n\t\t\t\t<\/p>\n<p>\n\t\t\t\t\t&nbsp;Ha publicado alrededor de cuatrocientos textos sobre artes y cultura visual en revistas acad&eacute;micas y culturales, cat&aacute;logos, libros de artistas y compilaciones de textos. Ha publicado varios libros, entre ellos Ensayos desleales sobre Fotograf&iacute;a (1995) y Fotografiando en Am&eacute;rica Latina. Ensayos de cr&iacute;tica hist&oacute;rica (2009).\n\t\t\t\t<\/p>\n<p>\n\t\t\t\t\tEn esta ocasi&oacute;n el autor comenta sobre la inserci&oacute;n y contenido de la fotograf&iacute;a contempor&aacute;nea, a trav&eacute;s de la definici&oacute;n del llamado archivo discursivo. &ldquo;Me interesa lo que he dominado como el archivo discursivo de la fotograf&iacute;a,&nbsp; que es como se presenta la cultura, de c&oacute;mo se han ido desarrollando diferentes lecturas culturas, &nbsp;generado conceptos sobre lo fotogr&aacute;fico y sobre lo que es.&rdquo;\n\t\t\t\t<\/p>\n<p>\n\t\t\t\t\t&ldquo;La posibilidad de desplazamiento, del abordaje de los diferentes espacios, ese potencial desestabilizador de la fotograf&iacute;a es lo que me ha interesado. Creo importante situar la fotograf&iacute;a en los espacios transdisciplinarios, de encuentro, intercambio. Me interesan esos lugares donde la fotograf&iacute;a puede revelar toda su energ&iacute;a y discurso desestabilizador de lo establecido&rdquo; Concluye el autor.\n\t\t\t\t<\/p>\n<p>\n\t\t\t\t\t<em>Foto: Wilo Gajardo<\/em>\n\t\t\t\t<\/p>\n<\/td>\n<\/tr>\n<\/tbody>\n<\/table>\n<p>\n\t&nbsp;<\/p>\n","protected":false},"excerpt":{"rendered":"<p>Jos&eacute; Antonio Navarrete tiene la palabra en esta segunda jordana de Di&aacute;logos fotogr&aacute;ficos del FIFV. Navarrete se ha destacado como investigador, cr&iacute;tico y curador de artes y cultura visual. Ha sido un frecuente exponente y conferencista en medios acad&eacute;micos y culturales de numerosos pa&iacute;ses de Am&eacute;rica Latina y los Estados Unidos. &nbsp;&ldquo;Lo primero es que,&nbsp; lo que de muy joven me interes&oacute; de la fotograf&iacute;a, es la posibilidad de las gamas de usos que tiene la foto y de, entre esa amplia posibilidad, yo quer&iacute;a tener la art&iacute;stica&rdquo; comenta Navarrete. &nbsp;Ha publicado alrededor de cuatrocientos textos sobre artes y cultura&#8230;  <a class=\"excerpt-read-more\" href=\"https:\/\/www.fifv.cl\/2013\/dialogo-fotografico-junto-jose-antonio-navarrete\/\" title=\"ReadDi\u00e1logo Fotogr\u00e1fico junto a Jos\u00e9 Antonio Navarrete\">Leer m\u00e1s &raquo;<\/a><\/p>\n","protected":false},"author":2,"featured_media":0,"comment_status":"open","ping_status":"open","sticky":false,"template":"","format":"standard","meta":{"footnotes":""},"categories":[1],"tags":[],"class_list":["post-935","post","type-post","status-publish","format-standard","hentry","category-noticias"],"_links":{"self":[{"href":"https:\/\/www.fifv.cl\/2013\/wp-json\/wp\/v2\/posts\/935","targetHints":{"allow":["GET"]}}],"collection":[{"href":"https:\/\/www.fifv.cl\/2013\/wp-json\/wp\/v2\/posts"}],"about":[{"href":"https:\/\/www.fifv.cl\/2013\/wp-json\/wp\/v2\/types\/post"}],"author":[{"embeddable":true,"href":"https:\/\/www.fifv.cl\/2013\/wp-json\/wp\/v2\/users\/2"}],"replies":[{"embeddable":true,"href":"https:\/\/www.fifv.cl\/2013\/wp-json\/wp\/v2\/comments?post=935"}],"version-history":[{"count":3,"href":"https:\/\/www.fifv.cl\/2013\/wp-json\/wp\/v2\/posts\/935\/revisions"}],"predecessor-version":[{"id":959,"href":"https:\/\/www.fifv.cl\/2013\/wp-json\/wp\/v2\/posts\/935\/revisions\/959"}],"wp:attachment":[{"href":"https:\/\/www.fifv.cl\/2013\/wp-json\/wp\/v2\/media?parent=935"}],"wp:term":[{"taxonomy":"category","embeddable":true,"href":"https:\/\/www.fifv.cl\/2013\/wp-json\/wp\/v2\/categories?post=935"},{"taxonomy":"post_tag","embeddable":true,"href":"https:\/\/www.fifv.cl\/2013\/wp-json\/wp\/v2\/tags?post=935"}],"curies":[{"name":"wp","href":"https:\/\/api.w.org\/{rel}","templated":true}]}}