{"id":1603,"date":"2013-11-09T15:56:02","date_gmt":"2013-11-09T15:56:02","guid":{"rendered":"http:\/\/www.fifv.cl\/2013\/?p=1603"},"modified":"2013-11-16T13:23:35","modified_gmt":"2013-11-16T13:23:35","slug":"antoine-d-agata","status":"publish","type":"post","link":"https:\/\/www.fifv.cl\/2013\/antoine-d-agata\/","title":{"rendered":"Presentan libro &#8220;Para\u00edso&#8221; del destacado fot\u00f3grafo franc\u00e9s Antoine D&#8217;Agata"},"content":{"rendered":"<img loading=\"lazy\" decoding=\"async\" alt=\"15\" class=\"alignleft size-full wp-image-1604\" height=\"667\" src=\"http:\/\/www.fifv.cl\/2013\/wp-content\/uploads\/2013\/11\/151.jpg\" width=\"1000\" srcset=\"https:\/\/www.fifv.cl\/2013\/wp-content\/uploads\/2013\/11\/151.jpg 1000w, https:\/\/www.fifv.cl\/2013\/wp-content\/uploads\/2013\/11\/151-224x150.jpg 224w, https:\/\/www.fifv.cl\/2013\/wp-content\/uploads\/2013\/11\/151-300x200.jpg 300w, https:\/\/www.fifv.cl\/2013\/wp-content\/uploads\/2013\/11\/151-989x660.jpg 989w\" sizes=\"auto, (max-width: 1000px) 100vw, 1000px\" \/>\n<p>\n\t&nbsp;\n<\/p>\n<p>\n\tHoy se llev&oacute; a cabo la presentaci&oacute;n del libro &ldquo;Para&iacute;so&rdquo; de Antoine D&#39;Agata, obra que re&uacute;ne fotos y relatos sobre la estad&iacute;a del autor en Valpara&iacute;so. Las im&aacute;genes se mezclan en una vor&aacute;gine de contenidos muy &iacute;ntimos, algo crudas, que representan el estilo particular del autor.\n<\/p>\n<p>\n\tLa tem&aacute;tica de esta obra fue realizada tomando como eje central el trabajo&nbsp; &ldquo;Para&iacute;so&rdquo; del destacado fot&oacute;grafo nacional Sergio Larra&iacute;n, libro que de alg&uacute;n modo ha sido uno de los pilares del Festival Internacional de Fotograf&iacute;a de Valpara&iacute;so (FIFV).\n<\/p>\n<p>\n\t&ldquo;Para&iacute;so&rdquo;&nbsp; fue realizado en conjunto con Rodrigo G&oacute;mez Rovira (director del FIFV) y Nicol&aacute;s Wormull, durante la estad&iacute;a del autor&nbsp; en la&nbsp; versi&oacute;n 2012 del Festival.&nbsp; &ldquo;La l&oacute;gica de recibir miradas extranjeras y con esa frescura de llegar&nbsp; a Valpara&iacute;so, Antoine retrat&oacute;&nbsp; la ciudad, que fue lo que tomamos para hacer un libro para el FIFV&rdquo;\n<\/p>\n<p>\n\tEl libro est&aacute; compuesto por tres partes: bit&aacute;cora, una reflexi&oacute;n sobre el estado del mundo desde la visi&oacute;n del autor y un flash back de reflexiones e im&aacute;genes de Camboya, sentimientos que habitaban en el autor cuando estaba en la ciudad puerto.\n<\/p>\n<p>\n\tLa presentaci&oacute;n de este libro culmin&oacute; con una sorpresiva videoconferencia con el autor franc&eacute;s, quien se mostr&oacute; contento con la exhibici&oacute;n de un afiche de su libro, el que ni siquiera ha podido observar, ya que se encuentra trabajando una serie en Jap&oacute;n. Esta publicaci&oacute;n se puede adquirir a contar de la pr&oacute;xima semana en el sitio web del FIFV: <a href=\"http:\/\/www.fifv.cl\/2013\">www.fifv.cl\/2013<\/a>.\n<\/p>\n<p>\n\t&nbsp;\n<\/p>\n<p>\n\t<i>Por Rocio Olmos de Aguilera<\/i>\n<\/p>\n<p>\n\t<i>Foto: Wilo Gajardo<\/i><\/p>\n","protected":false},"excerpt":{"rendered":"<p>&nbsp; Hoy se llev&oacute; a cabo la presentaci&oacute;n del libro &ldquo;Para&iacute;so&rdquo; de Antoine D&#39;Agata, obra que re&uacute;ne fotos y relatos sobre la estad&iacute;a del autor en Valpara&iacute;so. Las im&aacute;genes se mezclan en una vor&aacute;gine de contenidos muy &iacute;ntimos, algo crudas, que representan el estilo particular del autor. La tem&aacute;tica de esta obra fue realizada tomando como eje central el trabajo&nbsp; &ldquo;Para&iacute;so&rdquo; del destacado fot&oacute;grafo nacional Sergio Larra&iacute;n, libro que de alg&uacute;n modo ha sido uno de los pilares del Festival Internacional de Fotograf&iacute;a de Valpara&iacute;so (FIFV). &ldquo;Para&iacute;so&rdquo;&nbsp; fue realizado en conjunto con Rodrigo G&oacute;mez Rovira (director del FIFV) y Nicol&aacute;s&#8230;  <a class=\"excerpt-read-more\" href=\"https:\/\/www.fifv.cl\/2013\/antoine-d-agata\/\" title=\"ReadPresentan libro &#8220;Para\u00edso&#8221; del destacado fot\u00f3grafo franc\u00e9s Antoine D&#8217;Agata\">Leer m\u00e1s &raquo;<\/a><\/p>\n","protected":false},"author":2,"featured_media":1604,"comment_status":"open","ping_status":"open","sticky":false,"template":"","format":"standard","meta":{"footnotes":""},"categories":[1],"tags":[],"class_list":["post-1603","post","type-post","status-publish","format-standard","has-post-thumbnail","hentry","category-noticias"],"_links":{"self":[{"href":"https:\/\/www.fifv.cl\/2013\/wp-json\/wp\/v2\/posts\/1603","targetHints":{"allow":["GET"]}}],"collection":[{"href":"https:\/\/www.fifv.cl\/2013\/wp-json\/wp\/v2\/posts"}],"about":[{"href":"https:\/\/www.fifv.cl\/2013\/wp-json\/wp\/v2\/types\/post"}],"author":[{"embeddable":true,"href":"https:\/\/www.fifv.cl\/2013\/wp-json\/wp\/v2\/users\/2"}],"replies":[{"embeddable":true,"href":"https:\/\/www.fifv.cl\/2013\/wp-json\/wp\/v2\/comments?post=1603"}],"version-history":[{"count":4,"href":"https:\/\/www.fifv.cl\/2013\/wp-json\/wp\/v2\/posts\/1603\/revisions"}],"predecessor-version":[{"id":1652,"href":"https:\/\/www.fifv.cl\/2013\/wp-json\/wp\/v2\/posts\/1603\/revisions\/1652"}],"wp:featuredmedia":[{"embeddable":true,"href":"https:\/\/www.fifv.cl\/2013\/wp-json\/wp\/v2\/media\/1604"}],"wp:attachment":[{"href":"https:\/\/www.fifv.cl\/2013\/wp-json\/wp\/v2\/media?parent=1603"}],"wp:term":[{"taxonomy":"category","embeddable":true,"href":"https:\/\/www.fifv.cl\/2013\/wp-json\/wp\/v2\/categories?post=1603"},{"taxonomy":"post_tag","embeddable":true,"href":"https:\/\/www.fifv.cl\/2013\/wp-json\/wp\/v2\/tags?post=1603"}],"curies":[{"name":"wp","href":"https:\/\/api.w.org\/{rel}","templated":true}]}}