{"id":1592,"date":"2013-11-09T15:41:42","date_gmt":"2013-11-09T15:41:42","guid":{"rendered":"http:\/\/www.fifv.cl\/2013\/?p=1592"},"modified":"2013-11-16T13:25:26","modified_gmt":"2013-11-16T13:25:26","slug":"puntapie-inicial-del-ciclo-imagina-se-desarrollo-con-exito-en-el-centex","status":"publish","type":"post","link":"https:\/\/www.fifv.cl\/2013\/puntapie-inicial-del-ciclo-imagina-se-desarrollo-con-exito-en-el-centex\/","title":{"rendered":"Puntapi\u00e9 inicial del ciclo Imagina! se desarroll\u00f3 con \u00e9xito en el Centex"},"content":{"rendered":"<img loading=\"lazy\" decoding=\"async\" alt=\"@ Wilo Gajardo_17\" class=\"alignleft size-full wp-image-1526\" height=\"667\" src=\"http:\/\/www.fifv.cl\/2013\/wp-content\/uploads\/2013\/10\/@-Wilo-Gajardo_17.jpg\" width=\"1000\" srcset=\"https:\/\/www.fifv.cl\/2013\/wp-content\/uploads\/2013\/10\/@-Wilo-Gajardo_17.jpg 1000w, https:\/\/www.fifv.cl\/2013\/wp-content\/uploads\/2013\/10\/@-Wilo-Gajardo_17-260x173.jpg 260w, https:\/\/www.fifv.cl\/2013\/wp-content\/uploads\/2013\/10\/@-Wilo-Gajardo_17-300x200.jpg 300w, https:\/\/www.fifv.cl\/2013\/wp-content\/uploads\/2013\/10\/@-Wilo-Gajardo_17-989x660.jpg 989w\" sizes=\"auto, (max-width: 1000px) 100vw, 1000px\" \/>\n<p>\n\t&nbsp;\n<\/p>\n<p>\n\tCon &eacute;xito se realiz&oacute; la inauguraci&oacute;n del Ciclo &ldquo;Imagina!&rdquo;, en el Centro de Extensi&oacute;n del Consejo Nacional de la Cultura y las Artes (CENTEX).&nbsp; Exposiciones, charlas, ciclos de documentales, conversatorios, m&uacute;sica y talleres son algunas de las actividades que trae &ldquo;Imagina!&rdquo;, evento que se extender&aacute;n hasta el 15 diciembre.\n<\/p>\n<p>\n\tEl ciclo invita a reflexionar en torno a la construcci&oacute;n de una imagen a partir de las artes visuales contempor&aacute;neas, situada en un contexto pol&iacute;tico&ndash;social actual, donde las im&aacute;genes construyen identidad.\n<\/p>\n<p>\n\t&ldquo;La historia de una foto&rdquo; de Producciones V Fotograf&iacute;as y video &ldquo;Constipaci&oacute;n&rdquo; de la fot&oacute;grafa Zaida Gonz&aacute;lez El Gran Vidrio Espacio Ocular, &ldquo;SON IDO&rdquo; del m&uacute;sico y muse&oacute;logo P&eacute;rez de Arce, &ldquo;S&uacute;bita_Pol&iacute;tica&rdquo; del curador Rodolfo Andaur y &ldquo;El espacio de la resistencia, desplazamientos y construcciones del habitar&rdquo; de Celeste Rojas, son las exposiciones que dan vida a este ciclo dedicado a la imagen, entendida como mensaje y significado.\n<\/p>\n<p>\n\tEn busca de fomentar la participaci&oacute;n rec&iacute;proca dentro del circuito art&iacute;stico, muchos de los artistas invitados del Festival Internacional de Fotograf&iacute;a en Valpara&iacute;so exponen en conjunto con imagina! como es el caso&nbsp; de Zaida Gonz&aacute;lez, Nicol&aacute;s Wormull, Miguel &Aacute;ngel Felipe y Nicol&aacute;s S&aacute;ez, entre otros.\n<\/p>\n<p>\n\tAcerca del trabajo que realiz&oacute; este &uacute;ltimo a d&iacute;as de ocurrido el terremoto en Chile, se&ntilde;al&oacute; que &ldquo;vi todo destruido pero me llam&oacute; la atenci&oacute;n que hab&iacute;a un barro generado por la remoci&oacute;n de tierra con el mar. Esto convirti&oacute; todo este paisaje devastador en gris, no hab&iacute;a belleza en el recorrido, pero me encontr&eacute; con un local comercial que me daba un oasis visual. Esto me gener&oacute; un impacto enorme, por lo tanto me daba una especie de escenograf&iacute;a; entonces, en una sola imagen podr&iacute;a retratar todo lo sucedido en Talcahuano&rdquo;.\n<\/p>\n<p>\n\t&nbsp;\n<\/p>\n<p>\n\tPor Roc&iacute;o Olmos<\/p>\n","protected":false},"excerpt":{"rendered":"<p>&nbsp; Con &eacute;xito se realiz&oacute; la inauguraci&oacute;n del Ciclo &ldquo;Imagina!&rdquo;, en el Centro de Extensi&oacute;n del Consejo Nacional de la Cultura y las Artes (CENTEX).&nbsp; Exposiciones, charlas, ciclos de documentales, conversatorios, m&uacute;sica y talleres son algunas de las actividades que trae &ldquo;Imagina!&rdquo;, evento que se extender&aacute;n hasta el 15 diciembre. El ciclo invita a reflexionar en torno a la construcci&oacute;n de una imagen a partir de las artes visuales contempor&aacute;neas, situada en un contexto pol&iacute;tico&ndash;social actual, donde las im&aacute;genes construyen identidad. &ldquo;La historia de una foto&rdquo; de Producciones V Fotograf&iacute;as y video &ldquo;Constipaci&oacute;n&rdquo; de la fot&oacute;grafa Zaida Gonz&aacute;lez El Gran&#8230;  <a class=\"excerpt-read-more\" href=\"https:\/\/www.fifv.cl\/2013\/puntapie-inicial-del-ciclo-imagina-se-desarrollo-con-exito-en-el-centex\/\" title=\"ReadPuntapi\u00e9 inicial del ciclo Imagina! se desarroll\u00f3 con \u00e9xito en el Centex\">Leer m\u00e1s &raquo;<\/a><\/p>\n","protected":false},"author":2,"featured_media":1525,"comment_status":"open","ping_status":"open","sticky":false,"template":"","format":"standard","meta":{"footnotes":""},"categories":[1],"tags":[],"class_list":["post-1592","post","type-post","status-publish","format-standard","has-post-thumbnail","hentry","category-noticias"],"_links":{"self":[{"href":"https:\/\/www.fifv.cl\/2013\/wp-json\/wp\/v2\/posts\/1592","targetHints":{"allow":["GET"]}}],"collection":[{"href":"https:\/\/www.fifv.cl\/2013\/wp-json\/wp\/v2\/posts"}],"about":[{"href":"https:\/\/www.fifv.cl\/2013\/wp-json\/wp\/v2\/types\/post"}],"author":[{"embeddable":true,"href":"https:\/\/www.fifv.cl\/2013\/wp-json\/wp\/v2\/users\/2"}],"replies":[{"embeddable":true,"href":"https:\/\/www.fifv.cl\/2013\/wp-json\/wp\/v2\/comments?post=1592"}],"version-history":[{"count":5,"href":"https:\/\/www.fifv.cl\/2013\/wp-json\/wp\/v2\/posts\/1592\/revisions"}],"predecessor-version":[{"id":1655,"href":"https:\/\/www.fifv.cl\/2013\/wp-json\/wp\/v2\/posts\/1592\/revisions\/1655"}],"wp:featuredmedia":[{"embeddable":true,"href":"https:\/\/www.fifv.cl\/2013\/wp-json\/wp\/v2\/media\/1525"}],"wp:attachment":[{"href":"https:\/\/www.fifv.cl\/2013\/wp-json\/wp\/v2\/media?parent=1592"}],"wp:term":[{"taxonomy":"category","embeddable":true,"href":"https:\/\/www.fifv.cl\/2013\/wp-json\/wp\/v2\/categories?post=1592"},{"taxonomy":"post_tag","embeddable":true,"href":"https:\/\/www.fifv.cl\/2013\/wp-json\/wp\/v2\/tags?post=1592"}],"curies":[{"name":"wp","href":"https:\/\/api.w.org\/{rel}","templated":true}]}}