{"id":1168,"date":"2013-11-03T21:03:52","date_gmt":"2013-11-03T21:03:52","guid":{"rendered":"http:\/\/www.fifv.cl\/2013\/?p=1168"},"modified":"2013-11-03T21:03:52","modified_gmt":"2013-11-03T21:03:52","slug":"fotografo-coquimbano-mauricio-toro-goya-lanzo-el-proximo-festival-foco14","status":"publish","type":"post","link":"https:\/\/www.fifv.cl\/2013\/fotografo-coquimbano-mauricio-toro-goya-lanzo-el-proximo-festival-foco14\/","title":{"rendered":"Fot\u00f3grafo coquimbano, Mauricio Toro-Goya lanz\u00f3 el pr\u00f3ximo festival FOCO14"},"content":{"rendered":"<table border=\"0\" cellpadding=\"1\" cellspacing=\"1\" style=\"width: 1000px;\">\n<tbody>\n<tr>\n<td>\n\t\t\t\t<a href=\"http:\/\/www.fifv.cl\/2013\/wp-content\/uploads\/2013\/11\/91.jpg\"><img loading=\"lazy\" decoding=\"async\" alt=\"9\" class=\"alignleft size-full wp-image-1181\" height=\"667\" src=\"http:\/\/www.fifv.cl\/2013\/wp-content\/uploads\/2013\/11\/91.jpg\" width=\"1000\" srcset=\"https:\/\/www.fifv.cl\/2013\/wp-content\/uploads\/2013\/11\/91.jpg 1000w, https:\/\/www.fifv.cl\/2013\/wp-content\/uploads\/2013\/11\/91-300x200.jpg 300w, https:\/\/www.fifv.cl\/2013\/wp-content\/uploads\/2013\/11\/91-989x660.jpg 989w\" sizes=\"auto, (max-width: 1000px) 100vw, 1000px\" \/><\/a>\n\t\t\t<\/td>\n<\/tr>\n<\/tbody>\n<\/table>\n<table border=\"0\" cellpadding=\"1\" cellspacing=\"1\" style=\"width: 700px;\">\n<tbody>\n<tr>\n<td>\n\t\t\t\t&nbsp;<\/p>\n<p>\n\t\t\t\t\tDesde Coquimbo, Mauricio Toro-Goya arrib&oacute; al Festival Internacional de Fotograf&iacute;a en Valpara&iacute;so (FIFV) para presentar el Festival FOCO14, que se desarrollar&aacute; a partir de enero del a&ntilde;o venidero en la Regi&oacute;n de Coquimbo, donde se espera que la oferta fotogr&aacute;fica del pa&iacute;s se ampl&iacute;e a&uacute;n m&aacute;s, generando nuevos espacios para que el p&uacute;blico pueda apreciar este arte creativo.\n\t\t\t\t<\/p>\n<p>\n\t\t\t\t\tEnfocado principalmente en la curator&iacute;a, este nuevo evento para los amantes y seguidores de la fotograf&iacute;a, fue bien valorado por los participantes del evento porte&ntilde;o, ya que destacaron que s&oacute;lo de esta manera se puede obtener una cr&iacute;tica de mayor nivel al conocer distintos tipos y estilos de creaci&oacute;n de im&aacute;genes.\n\t\t\t\t<\/p>\n<p>\n\t\t\t\t\tAs&iacute; lo dio a conocer el fot&oacute;grafo coquimbano, quien sostuvo que &ldquo;FOCO14 es el resultado de un proyecto anterior realizado a inicios de 2013 en Coquimbo. Es un encuentro de fotograf&iacute;a, que quisimos hacer como una forma de adaptarse a la demanda y tambi&eacute;n incluyendo todas las ideas que van proponiendo&rdquo;.\n\t\t\t\t<\/p>\n<p>\n\t\t\t\t\tCabe destacar que este encuentro es organizado por el Centro de Estudio de la Imagen Fotogr&aacute;fica de Coquimbo y tambi&eacute;n por el centro fotogr&aacute;fico Manuel &Aacute;lvarez Bravo de Oaxaca de Mexico, los que decidieron utilizar distintas localidades de la zona para poder realizar las actividades. El litoral de la comuna de La Serena, un lugar donde antes funcionaba un frigor&iacute;fico y el Museo de Limar&iacute;, en Ovalle, ser&aacute;n los encargados de recibir a quienes quieran asistir al evento.\n\t\t\t\t<\/p>\n<p>\n\t\t\t\t\t&ldquo;Nos gust&oacute; el tema curatorial acunado bajo el concepto de &ldquo;los otros. La idea de &ldquo;los otros&rdquo; como definici&oacute;n, es que quisimos tomar lo que habita en los m&aacute;rgenes, en las fronteras mentales y en las desrelaciones. Para lograrlo, tendremos tres exposiciones que indaguen en torno a la idea por la quisimos apostar&rdquo;, coment&oacute; Toro-Goya.\n\t\t\t\t<\/p>\n<p>\n\t\t\t\t\tEl destacado artista nacional posee estudios en arte, dise&ntilde;o y fotograf&iacute;a. Desde 1987 se ha dedicado a la fotograf&iacute;a, teniendo a su haber m&aacute;s de cuarenta exhibiciones colectivas e individuales, destac&aacute;ndose entre ellas &quot;Changos&rdquo;, presentada epistolarmente por Sergio Larra&iacute;n; &quot;Geograf&iacute;a Humana&quot;; &quot;Muerte&quot;, exhibida en Michoac&aacute;n, Oaxaca y Chiapas, en M&eacute;xico; y la colectiva &quot;Chile, Fotograf&iacute;a y con-vivencia&quot;, presentada en Barcelona, Espa&ntilde;a.\n\t\t\t\t<\/p>\n<p>\n\t\t\t\t\t<em>Foto: Wilo Gajardo<\/em>\n\t\t\t\t<\/p>\n<\/td>\n<\/tr>\n<\/tbody>\n<\/table>\n<p>\n\t&nbsp;<\/p>\n","protected":false},"excerpt":{"rendered":"<p>&nbsp; Desde Coquimbo, Mauricio Toro-Goya arrib&oacute; al Festival Internacional de Fotograf&iacute;a en Valpara&iacute;so (FIFV) para presentar el Festival FOCO14, que se desarrollar&aacute; a partir de enero del a&ntilde;o venidero en la Regi&oacute;n de Coquimbo, donde se espera que la oferta fotogr&aacute;fica del pa&iacute;s se ampl&iacute;e a&uacute;n m&aacute;s, generando nuevos espacios para que el p&uacute;blico pueda apreciar este arte creativo. Enfocado principalmente en la curator&iacute;a, este nuevo evento para los amantes y seguidores de la fotograf&iacute;a, fue bien valorado por los participantes del evento porte&ntilde;o, ya que destacaron que s&oacute;lo de esta manera se puede obtener una cr&iacute;tica de mayor nivel&#8230;  <a class=\"excerpt-read-more\" href=\"https:\/\/www.fifv.cl\/2013\/fotografo-coquimbano-mauricio-toro-goya-lanzo-el-proximo-festival-foco14\/\" title=\"ReadFot\u00f3grafo coquimbano, Mauricio Toro-Goya lanz\u00f3 el pr\u00f3ximo festival FOCO14\">Leer m\u00e1s &raquo;<\/a><\/p>\n","protected":false},"author":2,"featured_media":0,"comment_status":"open","ping_status":"open","sticky":false,"template":"","format":"standard","meta":{"footnotes":""},"categories":[1],"tags":[],"class_list":["post-1168","post","type-post","status-publish","format-standard","hentry","category-noticias"],"_links":{"self":[{"href":"https:\/\/www.fifv.cl\/2013\/wp-json\/wp\/v2\/posts\/1168","targetHints":{"allow":["GET"]}}],"collection":[{"href":"https:\/\/www.fifv.cl\/2013\/wp-json\/wp\/v2\/posts"}],"about":[{"href":"https:\/\/www.fifv.cl\/2013\/wp-json\/wp\/v2\/types\/post"}],"author":[{"embeddable":true,"href":"https:\/\/www.fifv.cl\/2013\/wp-json\/wp\/v2\/users\/2"}],"replies":[{"embeddable":true,"href":"https:\/\/www.fifv.cl\/2013\/wp-json\/wp\/v2\/comments?post=1168"}],"version-history":[{"count":3,"href":"https:\/\/www.fifv.cl\/2013\/wp-json\/wp\/v2\/posts\/1168\/revisions"}],"predecessor-version":[{"id":1185,"href":"https:\/\/www.fifv.cl\/2013\/wp-json\/wp\/v2\/posts\/1168\/revisions\/1185"}],"wp:attachment":[{"href":"https:\/\/www.fifv.cl\/2013\/wp-json\/wp\/v2\/media?parent=1168"}],"wp:term":[{"taxonomy":"category","embeddable":true,"href":"https:\/\/www.fifv.cl\/2013\/wp-json\/wp\/v2\/categories?post=1168"},{"taxonomy":"post_tag","embeddable":true,"href":"https:\/\/www.fifv.cl\/2013\/wp-json\/wp\/v2\/tags?post=1168"}],"curies":[{"name":"wp","href":"https:\/\/api.w.org\/{rel}","templated":true}]}}